{"id":18466,"date":"2025-08-19T14:20:25","date_gmt":"2025-08-19T17:20:25","guid":{"rendered":"https:\/\/enlamira.info\/?p=18466"},"modified":"2025-08-19T14:20:25","modified_gmt":"2025-08-19T17:20:25","slug":"gabriela-lasso-candidata-a-diputada-provincial-por-potencia-la-provincia-necesita-voces-que-se-hagan-escuchar","status":"publish","type":"post","link":"https:\/\/enlamira.info\/index.php\/2025\/08\/19\/gabriela-lasso-candidata-a-diputada-provincial-por-potencia-la-provincia-necesita-voces-que-se-hagan-escuchar\/","title":{"rendered":"Gabriela Lasso, candidata a diputada provincial por Potencia: \u201cLa provincia necesita voces que se hagan escuchar\u201d"},"content":{"rendered":"\n<p>En el marco de la campa\u00f1a electoral rumbo al 7 de septiembre, el espacio <strong>Potencia Buenos Aires<\/strong>, que conduce <strong>Mar\u00eda Eugenia Talerico<\/strong>, present\u00f3 a una de sus figuras en la Tercera Secci\u00f3n Electoral: <strong>Gabriela Lasso<\/strong>, dirigente de Florencio Varela y candidata a diputada provincial.<\/p>\n\n\n\n<figure class=\"wp-block-image size-large\"><img loading=\"lazy\" decoding=\"async\" width=\"1024\" height=\"768\" src=\"https:\/\/enlamira.info\/wp-content\/uploads\/2025\/08\/32da7569-38ff-4164-aaf2-c2bed9c44d75-1024x768.jpg\" alt=\"\" class=\"wp-image-18477\" srcset=\"https:\/\/enlamira.info\/wp-content\/uploads\/2025\/08\/32da7569-38ff-4164-aaf2-c2bed9c44d75-1024x768.jpg 1024w, https:\/\/enlamira.info\/wp-content\/uploads\/2025\/08\/32da7569-38ff-4164-aaf2-c2bed9c44d75-300x225.jpg 300w, https:\/\/enlamira.info\/wp-content\/uploads\/2025\/08\/32da7569-38ff-4164-aaf2-c2bed9c44d75-768x576.jpg 768w, https:\/\/enlamira.info\/wp-content\/uploads\/2025\/08\/32da7569-38ff-4164-aaf2-c2bed9c44d75-1536x1152.jpg 1536w, https:\/\/enlamira.info\/wp-content\/uploads\/2025\/08\/32da7569-38ff-4164-aaf2-c2bed9c44d75.jpg 1600w\" sizes=\"(max-width: 1024px) 100vw, 1024px\" \/><\/figure>\n\n\n\n<p>En di\u00e1logo con nuestro medio, Lasso plante\u00f3 un diagn\u00f3stico crudo sobre la realidad bonaerense: <em>\u201cLa inseguridad, la falta de control del Estado y la corrupci\u00f3n estructural son los problemas m\u00e1s urgentes. El vecino est\u00e1 cansado de que se hagan obras que despu\u00e9s quedan abandonadas, de servicios que no funcionan y de una pol\u00edtica que mira para otro lado\u201d<\/em>.<\/p>\n\n\n\n<h3 class=\"wp-block-heading\">Inseguridad y drogas, los temas m\u00e1s urgentes<\/h3>\n\n\n\n<p>Para la candidata, el flagelo de la droga est\u00e1 en el centro de la problem\u00e1tica social:<br><em>\u201cTodos sabemos que la droga destruye familias y empuja a los j\u00f3venes a delinquir. Primero roban en su casa, despu\u00e9s al vecino, y m\u00e1s tarde entran en redes de venta y violencia. Si no enfrentamos esto de manera seria, la inseguridad nunca va a mejorar\u201d<\/em>, afirm\u00f3.<\/p>\n\n\n\n<p>Lasso tambi\u00e9n cuestion\u00f3 la falta de coordinaci\u00f3n y decisi\u00f3n pol\u00edtica: <em>\u201cEl gobierno de Axel Kicillof est\u00e1 en otra. Hace ocho a\u00f1os que lo veo desconectado de los problemas reales. En seguridad necesitamos decisi\u00f3n, inversi\u00f3n y control ciudadano. La polic\u00eda bonaerense debe ser respetada y puesta en valor, no utilizada como herramienta pol\u00edtica\u201d<\/em>.<\/p>\n\n\n\n<figure class=\"wp-block-image size-large\"><img loading=\"lazy\" decoding=\"async\" width=\"1024\" height=\"768\" src=\"https:\/\/enlamira.info\/wp-content\/uploads\/2025\/08\/2ceafd67-5c4f-4e10-bd67-7a6f8fa950e2-1024x768.jpg\" alt=\"\" class=\"wp-image-18478\" srcset=\"https:\/\/enlamira.info\/wp-content\/uploads\/2025\/08\/2ceafd67-5c4f-4e10-bd67-7a6f8fa950e2-1024x768.jpg 1024w, https:\/\/enlamira.info\/wp-content\/uploads\/2025\/08\/2ceafd67-5c4f-4e10-bd67-7a6f8fa950e2-300x225.jpg 300w, https:\/\/enlamira.info\/wp-content\/uploads\/2025\/08\/2ceafd67-5c4f-4e10-bd67-7a6f8fa950e2-768x576.jpg 768w, https:\/\/enlamira.info\/wp-content\/uploads\/2025\/08\/2ceafd67-5c4f-4e10-bd67-7a6f8fa950e2-1536x1152.jpg 1536w, https:\/\/enlamira.info\/wp-content\/uploads\/2025\/08\/2ceafd67-5c4f-4e10-bd67-7a6f8fa950e2.jpg 1600w\" sizes=\"(max-width: 1024px) 100vw, 1024px\" \/><\/figure>\n\n\n\n<h3 class=\"wp-block-heading\">Salud, SAME y corrupci\u00f3n estructural<\/h3>\n\n\n\n<p>Consultada sobre el sistema de salud, record\u00f3 el caso del SAME: <em>\u201cCuando lleg\u00f3 fue una gran herramienta, pero con el tiempo se abandon\u00f3. Hoy en muchos distritos las ambulancias no funcionan y los vecinos vuelven a morir esperando asistencia\u201d<\/em>.<\/p>\n\n\n\n<p>Adem\u00e1s, denunci\u00f3 las irregularidades en el manejo de fondos p\u00fablicos: <em>\u201cEn la C\u00e1mara de Diputados provincial se destinan millones que terminan en ONG creadas a medida de amigos, parejas o familiares. Eso es una estafa al pueblo. Tenemos que exigir transparencia: cada legislador deber\u00eda publicar en una web qu\u00e9 proyectos presenta, en qu\u00e9 gasta y qu\u00e9 recursos administra\u201d<\/em>.<\/p>\n\n\n\n<h3 class=\"wp-block-heading\">Su desembarco en Potencia Buenos Aires<\/h3>\n\n\n\n<p>Sobre la decisi\u00f3n de sumarse al espacio que lidera Mar\u00eda Eugenia Talerico, Lasso explic\u00f3:<br><em>\u201cVenimos del MID, un partido hist\u00f3rico, y vimos c\u00f3mo La Libertad Avanza se cerr\u00f3 a todo lo que no fuera pintarse de violeta. En cambio, con Potencia encontramos apertura y un compromiso real. Mar\u00eda Eugenia es una mujer \u00edntegra, que le da lugar a gente nueva y que no negocia con la corrupci\u00f3n. Eso me convenci\u00f3\u201d<\/em>.<\/p>\n\n\n\n<p>La candidata diferenci\u00f3 a Potencia de otros espacios opositores: <em>\u201cNo somos antiperonistas, pero s\u00ed somos profundamente anti-kirchneristas. No queremos ser una colectora del mismo sistema que nos trajo hasta ac\u00e1. Queremos representar al vecino de verdad\u201d<\/em>.<\/p>\n\n\n\n<h3 class=\"wp-block-heading\">Las propuestas de Gabriela Lasso<\/h3>\n\n\n\n<p>Entre los proyectos que impulsar\u00e1 como diputada provincial, destac\u00f3 tres ejes:<\/p>\n\n\n\n<ol>\n<li><strong>Seguridad:<\/strong> \u201cDebemos dar un gran debate sobre el rol de la polic\u00eda, su preparaci\u00f3n y su v\u00ednculo con la sociedad. Tambi\u00e9n discutir la portaci\u00f3n de armas fuera de servicio y atender el problema de los suicidios dentro de la fuerza\u201d.<\/li>\n\n\n\n<li><strong>Salud Mental y Adicciones:<\/strong> \u201cHay que revisar la ley de salud mental. Hoy una familia no puede ayudar a un hijo o hermano con depresi\u00f3n o adicciones porque no existen mecanismos legales de internaci\u00f3n. Necesitamos dar herramientas reales\u201d.<\/li>\n\n\n\n<li><strong>Transparencia y Control:<\/strong> \u201cCada legislador tiene recursos para proyectos y apoyo social. Esos fondos deben ser transparentes y controlados por los ciudadanos. Basta de cajas negras y de privilegios\u201d.<\/li>\n<\/ol>\n\n\n\n<h3 class=\"wp-block-heading\">Una voz desde el conurbano<\/h3>\n\n\n\n<p>Finalmente, Lasso remarc\u00f3 el sentido de su candidatura: <em>\u201cLa provincia de Buenos Aires necesita legisladores que hablen, que se hagan escuchar y que salgan del recinto a contar lo que pasa. No podemos seguir legislando en silencio. Los bonaerenses merecen saber qui\u00e9n los representa y c\u00f3mo\u201d<\/em>.<\/p>\n\n\n\n<p>Con esta impronta, el espacio <strong>Potencia Buenos Aires<\/strong> busca instalarse como una alternativa en la Tercera Secci\u00f3n Electoral, con Gabriela Lasso como una de sus voces m\u00e1s firmes contra la inseguridad, la corrupci\u00f3n y el abandono del Estado.<\/p>\n\n\n\n<figure class=\"wp-block-embed is-type-video is-provider-youtube wp-block-embed-youtube wp-embed-aspect-16-9 wp-has-aspect-ratio\"><div class=\"wp-block-embed__wrapper\">\n<iframe loading=\"lazy\" title=\"Entrevista: Gabriela Lasso, Candidata a Diputada Provincial (POTENCIA)\" width=\"640\" height=\"360\" src=\"https:\/\/www.youtube.com\/embed\/AOsmqFawRtQ?feature=oembed\" frameborder=\"0\" allow=\"accelerometer; autoplay; clipboard-write; encrypted-media; gyroscope; picture-in-picture; web-share\" referrerpolicy=\"strict-origin-when-cross-origin\" allowfullscreen><\/iframe>\n<\/div><\/figure>\n","protected":false},"excerpt":{"rendered":"<p>En el marco de la campa\u00f1a electoral rumbo al 7 de septiembre, el espacio Potencia Buenos Aires, que conduce Mar\u00eda Eugenia Talerico, present\u00f3 a una de sus figuras en la Tercera Secci\u00f3n Electoral: Gabriela Lasso, dirigente de Florencio Varela y candidata a diputada provincial. En di\u00e1logo con nuestro medio, Lasso plante\u00f3 un diagn\u00f3stico crudo sobre [&hellip;]<\/p>\n","protected":false},"author":4,"featured_media":18479,"comment_status":"open","ping_status":"open","sticky":false,"template":"","format":"standard","meta":{"footnotes":""},"categories":[1,20,5],"tags":[],"_links":{"self":[{"href":"https:\/\/enlamira.info\/index.php\/wp-json\/wp\/v2\/posts\/18466"}],"collection":[{"href":"https:\/\/enlamira.info\/index.php\/wp-json\/wp\/v2\/posts"}],"about":[{"href":"https:\/\/enlamira.info\/index.php\/wp-json\/wp\/v2\/types\/post"}],"author":[{"embeddable":true,"href":"https:\/\/enlamira.info\/index.php\/wp-json\/wp\/v2\/users\/4"}],"replies":[{"embeddable":true,"href":"https:\/\/enlamira.info\/index.php\/wp-json\/wp\/v2\/comments?post=18466"}],"version-history":[{"count":1,"href":"https:\/\/enlamira.info\/index.php\/wp-json\/wp\/v2\/posts\/18466\/revisions"}],"predecessor-version":[{"id":18480,"href":"https:\/\/enlamira.info\/index.php\/wp-json\/wp\/v2\/posts\/18466\/revisions\/18480"}],"wp:featuredmedia":[{"embeddable":true,"href":"https:\/\/enlamira.info\/index.php\/wp-json\/wp\/v2\/media\/18479"}],"wp:attachment":[{"href":"https:\/\/enlamira.info\/index.php\/wp-json\/wp\/v2\/media?parent=18466"}],"wp:term":[{"taxonomy":"category","embeddable":true,"href":"https:\/\/enlamira.info\/index.php\/wp-json\/wp\/v2\/categories?post=18466"},{"taxonomy":"post_tag","embeddable":true,"href":"https:\/\/enlamira.info\/index.php\/wp-json\/wp\/v2\/tags?post=18466"}],"curies":[{"name":"wp","href":"https:\/\/api.w.org\/{rel}","templated":true}]}}