{"id":18449,"date":"2025-08-19T12:29:57","date_gmt":"2025-08-19T15:29:57","guid":{"rendered":"https:\/\/enlamira.info\/?p=18449"},"modified":"2025-08-19T12:29:57","modified_gmt":"2025-08-19T15:29:57","slug":"cayo-tiroloco-en-wilde-es-el-acusado-de-los-disparos-le-allanaron-la-casa-y-le-secuestraron-el-auto","status":"publish","type":"post","link":"https:\/\/enlamira.info\/index.php\/2025\/08\/19\/cayo-tiroloco-en-wilde-es-el-acusado-de-los-disparos-le-allanaron-la-casa-y-le-secuestraron-el-auto\/","title":{"rendered":"Cay\u00f3 &#8220;Tiroloco&#8221; en Wilde, es el acusado de los disparos: le allanaron la casa y le secuestraron el auto"},"content":{"rendered":"\n<p>Un hombre de 30 a\u00f1os fue detenido en Wilde tras un allanamiento ordenado por la justicia, en el marco de una causa por <strong>abuso de arma agravado<\/strong> iniciada a principios de agosto.<\/p>\n\n\n\n<p>El episodio que dispar\u00f3 la investigaci\u00f3n ocurri\u00f3 el <strong>4 de agosto, cerca de las 22:40<\/strong>, cuando un sujeto a bordo de un autom\u00f3vil gris efectu\u00f3 varios disparos contra una vivienda. A partir de ese momento, personal del Grupo T\u00e1ctico Operativo (GTO) junto al Centro de Monitoreo local inici\u00f3 tareas para dar con el responsable.<\/p>\n\n\n\n<figure class=\"wp-block-video\"><video controls src=\"https:\/\/enlamira.info\/wp-content\/uploads\/2025\/08\/WhatsApp-Video-2025-08-19-at-08.36.18.mp4\"><\/video><\/figure>\n\n\n\n<p>Gracias al an\u00e1lisis de c\u00e1maras de seguridad, los investigadores lograron identificar el veh\u00edculo implicado: un <strong>Citro\u00ebn C4 gris, dominio ICE-850<\/strong>. Con esta informaci\u00f3n, la <strong>Unidad Funcional de Instrucci\u00f3n N\u00b03<\/strong> solicit\u00f3 la orden de allanamiento al <strong>Juzgado de Garant\u00edas N\u00b01<\/strong> del Departamento Judicial Avellaneda\u2013Lan\u00fas.<\/p>\n\n\n\n<figure class=\"wp-block-video\"><video controls src=\"https:\/\/enlamira.info\/wp-content\/uploads\/2025\/08\/WhatsApp-Video-2025-08-19-at-08.36.15.mp4\"><\/video><\/figure>\n\n\n\n<p>La medida se llev\u00f3 a cabo en una vivienda de calle Polonia, entre Pasaje Goyena y Pedro Goyena, domicilio de <strong>Mateo Miguel \u00c1ngel<\/strong>, se\u00f1alado como autor de los disparos. El procedimiento result\u00f3 exitoso: el sospechoso fue aprehendido y el autom\u00f3vil utilizado durante el hecho qued\u00f3 secuestrado.<\/p>\n\n\n\n<figure class=\"wp-block-image size-large\"><img loading=\"lazy\" decoding=\"async\" width=\"1024\" height=\"575\" src=\"https:\/\/enlamira.info\/wp-content\/uploads\/2025\/08\/a5ae8189-cc0a-4b38-8130-605f2e93cc81-1024x575.jpg\" alt=\"\" class=\"wp-image-18454\" srcset=\"https:\/\/enlamira.info\/wp-content\/uploads\/2025\/08\/a5ae8189-cc0a-4b38-8130-605f2e93cc81-1024x575.jpg 1024w, https:\/\/enlamira.info\/wp-content\/uploads\/2025\/08\/a5ae8189-cc0a-4b38-8130-605f2e93cc81-300x169.jpg 300w, https:\/\/enlamira.info\/wp-content\/uploads\/2025\/08\/a5ae8189-cc0a-4b38-8130-605f2e93cc81-768x431.jpg 768w, https:\/\/enlamira.info\/wp-content\/uploads\/2025\/08\/a5ae8189-cc0a-4b38-8130-605f2e93cc81.jpg 1280w\" sizes=\"(max-width: 1024px) 100vw, 1024px\" \/><\/figure>\n\n\n\n<p>El magistrado interviniente aval\u00f3 lo actuado y el detenido qued\u00f3 a disposici\u00f3n de la justicia. La causa contin\u00faa bajo la car\u00e1tula de <strong>abuso de arma agravado<\/strong>.<\/p>\n\n\n\n<figure class=\"wp-block-image size-large\"><img loading=\"lazy\" decoding=\"async\" width=\"575\" height=\"1024\" src=\"https:\/\/enlamira.info\/wp-content\/uploads\/2025\/08\/990761ca-51de-483c-a9de-562cd54210e8-575x1024.jpg\" alt=\"\" class=\"wp-image-18455\" srcset=\"https:\/\/enlamira.info\/wp-content\/uploads\/2025\/08\/990761ca-51de-483c-a9de-562cd54210e8-575x1024.jpg 575w, https:\/\/enlamira.info\/wp-content\/uploads\/2025\/08\/990761ca-51de-483c-a9de-562cd54210e8-169x300.jpg 169w, https:\/\/enlamira.info\/wp-content\/uploads\/2025\/08\/990761ca-51de-483c-a9de-562cd54210e8.jpg 719w\" sizes=\"(max-width: 575px) 100vw, 575px\" \/><\/figure>\n","protected":false},"excerpt":{"rendered":"<p>Un hombre de 30 a\u00f1os fue detenido en Wilde tras un allanamiento ordenado por la justicia, en el marco de una causa por abuso de arma agravado iniciada a principios de agosto. El episodio que dispar\u00f3 la investigaci\u00f3n ocurri\u00f3 el 4 de agosto, cerca de las 22:40, cuando un sujeto a bordo de un autom\u00f3vil [&hellip;]<\/p>\n","protected":false},"author":4,"featured_media":18456,"comment_status":"open","ping_status":"open","sticky":false,"template":"","format":"standard","meta":{"footnotes":""},"categories":[1,32],"tags":[],"_links":{"self":[{"href":"https:\/\/enlamira.info\/index.php\/wp-json\/wp\/v2\/posts\/18449"}],"collection":[{"href":"https:\/\/enlamira.info\/index.php\/wp-json\/wp\/v2\/posts"}],"about":[{"href":"https:\/\/enlamira.info\/index.php\/wp-json\/wp\/v2\/types\/post"}],"author":[{"embeddable":true,"href":"https:\/\/enlamira.info\/index.php\/wp-json\/wp\/v2\/users\/4"}],"replies":[{"embeddable":true,"href":"https:\/\/enlamira.info\/index.php\/wp-json\/wp\/v2\/comments?post=18449"}],"version-history":[{"count":1,"href":"https:\/\/enlamira.info\/index.php\/wp-json\/wp\/v2\/posts\/18449\/revisions"}],"predecessor-version":[{"id":18457,"href":"https:\/\/enlamira.info\/index.php\/wp-json\/wp\/v2\/posts\/18449\/revisions\/18457"}],"wp:featuredmedia":[{"embeddable":true,"href":"https:\/\/enlamira.info\/index.php\/wp-json\/wp\/v2\/media\/18456"}],"wp:attachment":[{"href":"https:\/\/enlamira.info\/index.php\/wp-json\/wp\/v2\/media?parent=18449"}],"wp:term":[{"taxonomy":"category","embeddable":true,"href":"https:\/\/enlamira.info\/index.php\/wp-json\/wp\/v2\/categories?post=18449"},{"taxonomy":"post_tag","embeddable":true,"href":"https:\/\/enlamira.info\/index.php\/wp-json\/wp\/v2\/tags?post=18449"}],"curies":[{"name":"wp","href":"https:\/\/api.w.org\/{rel}","templated":true}]}}