{"id":18438,"date":"2025-08-19T09:58:21","date_gmt":"2025-08-19T12:58:21","guid":{"rendered":"https:\/\/enlamira.info\/?p=18438"},"modified":"2025-08-19T09:58:21","modified_gmt":"2025-08-19T12:58:21","slug":"la-justicia-freno-los-cortes-de-agua-por-falta-de-pago-en-el-amba","status":"publish","type":"post","link":"https:\/\/enlamira.info\/index.php\/2025\/08\/19\/la-justicia-freno-los-cortes-de-agua-por-falta-de-pago-en-el-amba\/","title":{"rendered":"La Justicia fren\u00f3 los cortes de agua por falta de pago en el AMBA"},"content":{"rendered":"\n<p>El Gobierno habilit\u00f3 a AySA los cortes del servicio por falta de pago, pero la Justicia suspendi\u00f3 por seis meses los art\u00edculos del DNU.<\/p>\n\n\n\n<p>Corte de servicio Aysa<\/p>\n\n\n\n<p>La Justicia suspendi\u00f3 por seis meses los art\u00edculos del DNU 493\/2025 que habilitaban el corte del servicio de agua potable y desag\u00fces cloacales a usuarios residenciales por falta de pago.<\/p>\n\n\n\n<p>El Juzgado Federal en lo Civil, Comercial y Contencioso Administrativo N\u00b0 2 de San Mart\u00edn, a cargo de la jueza Martina Isabel Forns, resolvi\u00f3 suspender por seis meses la aplicaci\u00f3n de los art\u00edculos del DNU que habilitaban a las concesionarias de agua y saneamiento a cortar totalmente el servicio a usuarios residenciales.<\/p>\n\n\n\n<p>La medida alcanza a todos los inmuebles habitados del \u00c1rea Metropolitana de Buenos Aires (AMBA) en la zona servida por AySA, \u201ccon especial protecci\u00f3n a aquellos donde residen ni\u00f1os, personas adultas mayores o personas con discapacidad\u201d, informaron.<\/p>\n\n\n\n<p>La resoluci\u00f3n ordena, adem\u00e1s, el restablecimiento inmediato del servicio en caso de que se hubiera interrumpido.<\/p>\n\n\n\n<p>La demanda impulsada por Uni\u00f3n de Usuarios y Consumidores y Consumidores Libres sostuvo que el decreto significaba una \u201cregresi\u00f3n normativa grave, vulnerando el derecho humano al agua, la salud p\u00fablica y el ambiente, priorizando criterios de rentabilidad por encima de la funci\u00f3n social de los servicios p\u00fablicos esenciales\u201d.<\/p>\n\n\n\n<p>En su fallo, la jueza Forns remarc\u00f3 que el acceso al agua potable y al saneamiento es un derecho humano fundamental reconocido por la Constituci\u00f3n y por tratados internacionales.<\/p>\n","protected":false},"excerpt":{"rendered":"<p>El Gobierno habilit\u00f3 a AySA los cortes del servicio por falta de pago, pero la Justicia suspendi\u00f3 por seis meses los art\u00edculos del DNU. Corte de servicio Aysa La Justicia suspendi\u00f3 por seis meses los art\u00edculos del DNU 493\/2025 que habilitaban el corte del servicio de agua potable y desag\u00fces cloacales a usuarios residenciales por [&hellip;]<\/p>\n","protected":false},"author":4,"featured_media":18439,"comment_status":"open","ping_status":"open","sticky":false,"template":"","format":"standard","meta":{"footnotes":""},"categories":[1,23,34],"tags":[],"_links":{"self":[{"href":"https:\/\/enlamira.info\/index.php\/wp-json\/wp\/v2\/posts\/18438"}],"collection":[{"href":"https:\/\/enlamira.info\/index.php\/wp-json\/wp\/v2\/posts"}],"about":[{"href":"https:\/\/enlamira.info\/index.php\/wp-json\/wp\/v2\/types\/post"}],"author":[{"embeddable":true,"href":"https:\/\/enlamira.info\/index.php\/wp-json\/wp\/v2\/users\/4"}],"replies":[{"embeddable":true,"href":"https:\/\/enlamira.info\/index.php\/wp-json\/wp\/v2\/comments?post=18438"}],"version-history":[{"count":1,"href":"https:\/\/enlamira.info\/index.php\/wp-json\/wp\/v2\/posts\/18438\/revisions"}],"predecessor-version":[{"id":18440,"href":"https:\/\/enlamira.info\/index.php\/wp-json\/wp\/v2\/posts\/18438\/revisions\/18440"}],"wp:featuredmedia":[{"embeddable":true,"href":"https:\/\/enlamira.info\/index.php\/wp-json\/wp\/v2\/media\/18439"}],"wp:attachment":[{"href":"https:\/\/enlamira.info\/index.php\/wp-json\/wp\/v2\/media?parent=18438"}],"wp:term":[{"taxonomy":"category","embeddable":true,"href":"https:\/\/enlamira.info\/index.php\/wp-json\/wp\/v2\/categories?post=18438"},{"taxonomy":"post_tag","embeddable":true,"href":"https:\/\/enlamira.info\/index.php\/wp-json\/wp\/v2\/tags?post=18438"}],"curies":[{"name":"wp","href":"https:\/\/api.w.org\/{rel}","templated":true}]}}