{"id":18436,"date":"2025-08-19T10:01:59","date_gmt":"2025-08-19T13:01:59","guid":{"rendered":"https:\/\/enlamira.info\/?p=18436"},"modified":"2025-08-19T10:01:59","modified_gmt":"2025-08-19T13:01:59","slug":"un-proyecto-de-ley-para-reactivar-la-obra-publica-en-la-provincia","status":"publish","type":"post","link":"https:\/\/enlamira.info\/index.php\/2025\/08\/19\/un-proyecto-de-ley-para-reactivar-la-obra-publica-en-la-provincia\/","title":{"rendered":"Un proyecto de ley para reactivar la obra p\u00fablica en la Provincia"},"content":{"rendered":"\n<p>&#8220;El freno absoluto de todas las obras no es eficiencia econ\u00f3mica, es simplemente una salvajada&#8221;, asegur\u00f3 el gobernador Axel Kicillof.<\/p>\n\n\n\n<p>El gobernador de la provincia de Buenos Aires, Axel Kicillof, anunci\u00f3 el env\u00edo de un proyecto de ley a la Legislatura para reactivar la obra p\u00fablica y \u201cdar una respuesta a la paralizaci\u00f3n\u201d en la Provincia.<\/p>\n\n\n\n<p>\u201cCon esta ley vamos a contar con instrumentos m\u00e1s \u00fatiles que todos los que hemos explorado hasta el momento y que resultan insuficientes\u201d, coment\u00f3 el mandatario a trav\u00e9s de las redes sociales. Y apunt\u00f3 que solicitar\u00e1 a la Legislatura \u201clas herramientas para continuar, recuperar o rescindir obras\u201d.<\/p>\n\n\n\n<p>Tambi\u00e9n solicitar\u00e1 la facultad \u201cpara reclamar, a trav\u00e9s de acciones judiciales, los fondos adeudados por Naci\u00f3n para continuar los trabajos\u201d.<\/p>\n\n\n\n<p>\u201cUn presidente no puede abandonar la obra p\u00fablica: detenerla provoca da\u00f1os y un quebranto para el Estado, porque reiniciarlas es mucho m\u00e1s costoso y complejo. El freno absoluto de todas las obras no es eficiencia econ\u00f3mica, es simplemente una salvajada\u201c, consider\u00f3.<\/p>\n\n\n\n<p>Record\u00f3 que ya se hicieron varios reclamos ante la Corte Suprema por 12 billones de pesos que debe y para denunciar el \u201cdesv\u00edo de fondos\u201d que son de aplicaci\u00f3n espec\u00edfica para obras viales, h\u00eddricas y de otras \u00e1reas.<\/p>\n\n\n\n<p>Mencion\u00f3 como ejemplos el caso de la Autopista Presidente Per\u00f3n y habl\u00f3 de una \u201cestafa, porque el Gobierno nacional se comprometi\u00f3 a trabajar para transferirla a la \u00f3rbita provincial\u201d y no sucedi\u00f3. Tambi\u00e9n mencion\u00f3 la del R\u00edo Salado: \u201cEstamos listos para continuar con la etapa 5, pero Naci\u00f3n suspendi\u00f3 la etapa 4\u201d.<\/p>\n\n\n\n<p>Finalmente, record\u00f3 el caso de Bah\u00eda Blanca, \u201cdonde Milei vet\u00f3 una ley que habilitaba ayuda adicional y nunca envi\u00f3 los recursos que prometi\u00f3\u201d, y hay en marcha un \u201cambicioso plan de obras\u201d con recursos propios.<\/p>\n","protected":false},"excerpt":{"rendered":"<p>&#8220;El freno absoluto de todas las obras no es eficiencia econ\u00f3mica, es simplemente una salvajada&#8221;, asegur\u00f3 el gobernador Axel Kicillof. El gobernador de la provincia de Buenos Aires, Axel Kicillof, anunci\u00f3 el env\u00edo de un proyecto de ley a la Legislatura para reactivar la obra p\u00fablica y \u201cdar una respuesta a la paralizaci\u00f3n\u201d en la [&hellip;]<\/p>\n","protected":false},"author":4,"featured_media":18443,"comment_status":"open","ping_status":"open","sticky":false,"template":"","format":"standard","meta":{"footnotes":""},"categories":[1,5],"tags":[],"_links":{"self":[{"href":"https:\/\/enlamira.info\/index.php\/wp-json\/wp\/v2\/posts\/18436"}],"collection":[{"href":"https:\/\/enlamira.info\/index.php\/wp-json\/wp\/v2\/posts"}],"about":[{"href":"https:\/\/enlamira.info\/index.php\/wp-json\/wp\/v2\/types\/post"}],"author":[{"embeddable":true,"href":"https:\/\/enlamira.info\/index.php\/wp-json\/wp\/v2\/users\/4"}],"replies":[{"embeddable":true,"href":"https:\/\/enlamira.info\/index.php\/wp-json\/wp\/v2\/comments?post=18436"}],"version-history":[{"count":1,"href":"https:\/\/enlamira.info\/index.php\/wp-json\/wp\/v2\/posts\/18436\/revisions"}],"predecessor-version":[{"id":18444,"href":"https:\/\/enlamira.info\/index.php\/wp-json\/wp\/v2\/posts\/18436\/revisions\/18444"}],"wp:featuredmedia":[{"embeddable":true,"href":"https:\/\/enlamira.info\/index.php\/wp-json\/wp\/v2\/media\/18443"}],"wp:attachment":[{"href":"https:\/\/enlamira.info\/index.php\/wp-json\/wp\/v2\/media?parent=18436"}],"wp:term":[{"taxonomy":"category","embeddable":true,"href":"https:\/\/enlamira.info\/index.php\/wp-json\/wp\/v2\/categories?post=18436"},{"taxonomy":"post_tag","embeddable":true,"href":"https:\/\/enlamira.info\/index.php\/wp-json\/wp\/v2\/tags?post=18436"}],"curies":[{"name":"wp","href":"https:\/\/api.w.org\/{rel}","templated":true}]}}