{"id":18429,"date":"2025-08-18T00:03:00","date_gmt":"2025-08-18T03:03:00","guid":{"rendered":"https:\/\/enlamira.info\/?p=18429"},"modified":"2025-08-17T23:03:57","modified_gmt":"2025-08-18T02:03:57","slug":"maximiliano-bondarenko-estamos-trabajando-en-un-plan-de-seguridad-integral-para-cuando-lo-saquemos-a-kicillof","status":"publish","type":"post","link":"https:\/\/enlamira.info\/index.php\/2025\/08\/18\/maximiliano-bondarenko-estamos-trabajando-en-un-plan-de-seguridad-integral-para-cuando-lo-saquemos-a-kicillof\/","title":{"rendered":"Maximiliano Bondarenko: \u201cEstamos trabajando en un plan de seguridad integral para cuando lo saquemos a Kicillof\u201d"},"content":{"rendered":"\n<p>El candidato a primer diputado bonaerense por la Tercera Secci\u00f3n Electoral, Maximiliano Bondarenko, revel\u00f3 que trabaja en un plan de seguridad integral en caso de que La Libertad Avanza logre arrebatarle la provincia al gobernador Axel Kicillof.<\/p>\n\n\n\n<p>\u201cDesde la legislatura vamos a impulsar todo lo que haya que impulsar, pero tambi\u00e9n estamos trabajando en un plan de seguridad integral para cuando lo saquemos a Kicillof\u201d, sostuvo en declaraciones radiales, y sum\u00f3: \u201cLos argentinos necesitamos mayor seguridad. No solo en las calles sino en los candidatos\u201d.<\/p>\n\n\n\n<p>En la misma l\u00ednea, plante\u00f3: \u201cVemos la problem\u00e1tica de seguridad y la solemos encapsular en lo que es el Conurbano y hay que entender que se trata de una ola que avanza sobre el resto de la provincia. Los pueblos ya no son los mismos que hace a\u00f1os atr\u00e1s\u201d.<\/p>\n\n\n\n<p>\u201cEn los 135 distritos seguramente haya alguien que vende droga. La bicicleta ya no se puede dejar suelta, la ventana abierta en verano tampoco puede estar. El Conurbano es una ola que avanza\u201d, cuestion\u00f3 el ex oficial.<\/p>\n\n\n\n<p>El candidato de La Libertad Avanza pidi\u00f3 \u201cempezar por el orden\u201d al denunciar que la provincia est\u00e1 \u201cmuy desordenada\u201d y neg\u00f3 tener aspiraciones electorales a futuro, aunque no descart\u00f3 ocupar alg\u00fan cargo en caso de que el espacio lo demande.<\/p>\n\n\n\n<p>Asimismo, Bondarenko destac\u00f3 las n\u00f3minas libertarias que competir\u00e1n el pr\u00f3ximo 26 de octubre en los comicios legislativos nacionales. \u201cCuando nombras una ministra como Patricia Bullrich, una l\u00edder positiva, y lo digo como hombre de uniforme, me pone muy contento que sea la que encabeza la lista\u201d, destac\u00f3, y sum\u00f3: \u201dTambi\u00e9n lo tenemos a Jos\u00e9 Luis Espert, otro hombre preocupado por la seguridad de la provincia de Buenos Aires\u201d.<\/p>\n\n\n\n<p>\u201cVoy adonde el viento me lleve. Nunca me imagin\u00e9 que iba a terminar como candidato a diputado. Lo \u00fanico que hice fue trabajar, trabaj\u00e9 con el senador Carlos Curestis con proyectos de seguridad, y surgi\u00f3 mi nombre y termin\u00e9 siendo candidato a diputado\u201d, record\u00f3 en di\u00e1logo con radio Mitre.<\/p>\n\n\n\n<p>Por su parte, celebr\u00f3 la alianza con el PRO, y reafirm\u00f3 a la secretaria general de la Presidencia, Karina Milei, como la conductora del espacio. \u201cKarina es la jefa. Lo dice el Presidente, no lo dice Bondarenko\u201d, subray\u00f3.<\/p>\n\n\n\n<p>Por \u00faltimo, valor\u00f3 la tarea de los representantes de Las Fuerzas del Cielo, espacio que conduce el asesor presidencial, Santiago Caputo, destac\u00f3 su trabajo en redes sociales. \u201cAdmiro el trabajo de todos esos chicos porque sin ellos el partido no ser\u00eda todo lo que es porque les han dado un empuje en las redes, se la han jugado much\u00edsimo, esa juventud lo hace un espacio nuevo\u201d, asever\u00f3.<\/p>\n\n\n\n<p>\u201cSon cuatro a\u00f1os de diputados. Si el espacio me necesita estaremos, sino me tocar\u00e1 volver a casa y dejar que esa juventud avance. No hay que ser tap\u00f3n\u201d, reconoci\u00f3, y concluy\u00f3: \u201cSino seguimos eternamente en el poder, es lo que le pasa al kirchnerismo. Diputados, intendentes, son siempre las mismas caras. Eso es lo que a la larga termin\u00f3 destrozando al peronismo\u201d.<\/p>\n","protected":false},"excerpt":{"rendered":"<p>El candidato a primer diputado bonaerense por la Tercera Secci\u00f3n Electoral, Maximiliano Bondarenko, revel\u00f3 que trabaja en un plan de seguridad integral en caso de que La Libertad Avanza logre arrebatarle la provincia al gobernador Axel Kicillof. \u201cDesde la legislatura vamos a impulsar todo lo que haya que impulsar, pero tambi\u00e9n estamos trabajando en un [&hellip;]<\/p>\n","protected":false},"author":4,"featured_media":18430,"comment_status":"open","ping_status":"open","sticky":false,"template":"","format":"standard","meta":{"footnotes":""},"categories":[1,20],"tags":[28],"_links":{"self":[{"href":"https:\/\/enlamira.info\/index.php\/wp-json\/wp\/v2\/posts\/18429"}],"collection":[{"href":"https:\/\/enlamira.info\/index.php\/wp-json\/wp\/v2\/posts"}],"about":[{"href":"https:\/\/enlamira.info\/index.php\/wp-json\/wp\/v2\/types\/post"}],"author":[{"embeddable":true,"href":"https:\/\/enlamira.info\/index.php\/wp-json\/wp\/v2\/users\/4"}],"replies":[{"embeddable":true,"href":"https:\/\/enlamira.info\/index.php\/wp-json\/wp\/v2\/comments?post=18429"}],"version-history":[{"count":1,"href":"https:\/\/enlamira.info\/index.php\/wp-json\/wp\/v2\/posts\/18429\/revisions"}],"predecessor-version":[{"id":18431,"href":"https:\/\/enlamira.info\/index.php\/wp-json\/wp\/v2\/posts\/18429\/revisions\/18431"}],"wp:featuredmedia":[{"embeddable":true,"href":"https:\/\/enlamira.info\/index.php\/wp-json\/wp\/v2\/media\/18430"}],"wp:attachment":[{"href":"https:\/\/enlamira.info\/index.php\/wp-json\/wp\/v2\/media?parent=18429"}],"wp:term":[{"taxonomy":"category","embeddable":true,"href":"https:\/\/enlamira.info\/index.php\/wp-json\/wp\/v2\/categories?post=18429"},{"taxonomy":"post_tag","embeddable":true,"href":"https:\/\/enlamira.info\/index.php\/wp-json\/wp\/v2\/tags?post=18429"}],"curies":[{"name":"wp","href":"https:\/\/api.w.org\/{rel}","templated":true}]}}