{"id":18425,"date":"2025-08-18T00:02:00","date_gmt":"2025-08-18T03:02:00","guid":{"rendered":"https:\/\/enlamira.info\/?p=18425"},"modified":"2025-08-17T23:02:25","modified_gmt":"2025-08-18T02:02:25","slug":"cascallares-y-eichel-entregaron-diplomas-a-240-egresados-del-centro-de-formacion-para-el-trabajador-de-calzada","status":"publish","type":"post","link":"https:\/\/enlamira.info\/index.php\/2025\/08\/18\/cascallares-y-eichel-entregaron-diplomas-a-240-egresados-del-centro-de-formacion-para-el-trabajador-de-calzada\/","title":{"rendered":"Cascallares y Eichel entregaron diplomas a 240 egresados del Centro de Formaci\u00f3n para el Trabajador de Calzada"},"content":{"rendered":"\n<p>En un acto que tuvo lugar en la sede del Centro de Formaci\u00f3n Profesional para el Trabajo de Rafael Calzada, 240 estudiantes recibieron su certificaci\u00f3n de egreso de los cursos de capacitaci\u00f3n en oficios que, de forma gratuita, dict\u00f3 el Municipio de Almirante Brown durante el primer cuatrimestre del presente a\u00f1o.<\/p>\n\n\n\n<p>El intendente municipal, Mariano Cascallares, y la secretaria de Prevenci\u00f3n y Seguridad Ciudadana, Paula Eichel, encabezaron la jornada que reuni\u00f3 no solo a alumnos y alumnas sino a docentes y familiares de los flamantes egresados. Participaron tambi\u00e9n de la jornada el secretario de Desarrollo Econ\u00f3mico y Hacienda, Pablo Pernicone y la directora General de Empleo, Micaela Ort\u00edz.<\/p>\n\n\n\n<p>Fue una jornada de reconocimiento a las vecinas y vecinos de nuestro distrito que se capacitaron en un total de 30 cursos de nivel inicial y avanzado y uno correspondiente al CFP N\u00b0402. Todos talleres de oficios que promueven el ingreso a un mundo laboral m\u00e1s competitivo.<\/p>\n\n\n\n<p>En la oportunidad, Cascallares, que felicit\u00f3 a las y los egresados por haberse formado en las diferentes propuestas, se\u00f1al\u00f3: \u201cHoy seguramente es un d\u00eda muy especial para todos ustedes, que son los protagonistas, y para nosotros es muy importante ser parte de este encuentro y sentirnos cerca de toda la familia browniana\u201d.<\/p>\n\n\n\n<p>En tanto renov\u00f3 el compromiso del Estado Municipal de seguir trabajando para el fortalecimiento de las pol\u00edticas p\u00fablicas que son beneficiosas para la comunidad. En ese marco, expres\u00f3: \u201cCuando se discute respecto del Estado, y algunos dicen que hay que destruirlo, el Estado es esto: los docentes, el centro de formaci\u00f3n, el equipo que lleva adelante estos procesos formativos; eso es el Estado y es el que nosotros defendemos para avanzar con las pol\u00edticas que son de beneficio para los m\u00e1s de 550 mil vecinos de Almirante Brown\u201d.<\/p>\n\n\n\n<p>Por su parte, Paula Eichel tambi\u00e9n felicit\u00f3 a todos los vecinos que tomaron la decisi\u00f3n de formarse y de esa manera acceder al mundo laboral con otras expectativas.<\/p>\n\n\n\n<p>Cabe se\u00f1alar que se dictaron los siguientes cursos de Molder\u00eda y confecci\u00f3n inicial y avanzado; Serigrafia y estampado m\u00faltiple; Electricidad domiciliaria b\u00e1sica; Electricidad domiciliaria b\u00e1sica e industrial; Confecci\u00f3n textil indumentaria inicial; Patronista y confeccionista de ropa de beb\u00e9; Carpinter\u00eda inicial y avanzada; Introducci\u00f3n a la fabricaci\u00f3n de muebles; Herrer\u00eda inicial; Herrer\u00eda inicial y avanzada; Huerta urbana agroecol\u00f3gica e Introducci\u00f3n a jardiner\u00eda y paisajismo.<\/p>\n\n\n\n<p>Adem\u00e1s del aprendizaje t\u00e9cnico, los cursos promovieron el trabajo colaborativo pensado para el bienestar de la comunidad ya que, por ejemplo, alumnos de herrer\u00eda construyeron la estructura del invernadero que ser\u00e1 utilizado por el curso de huerta, y alumnas del taller de confecci\u00f3n textil confeccionaron repasadores que se utilizan en la Panificadora Municipal.<\/p>\n\n\n\n<p>Tambi\u00e9n fueron parte de la actividad la coordinadora General de Formaci\u00f3n Profesional, Edurne Lentini, y la coordinadora del Centro de Formaci\u00f3n para el trabajo, Sabrina Soricaro.<\/p>\n","protected":false},"excerpt":{"rendered":"<p>En un acto que tuvo lugar en la sede del Centro de Formaci\u00f3n Profesional para el Trabajo de Rafael Calzada, 240 estudiantes recibieron su certificaci\u00f3n de egreso de los cursos de capacitaci\u00f3n en oficios que, de forma gratuita, dict\u00f3 el Municipio de Almirante Brown durante el primer cuatrimestre del presente a\u00f1o. El intendente municipal, Mariano [&hellip;]<\/p>\n","protected":false},"author":4,"featured_media":18428,"comment_status":"open","ping_status":"open","sticky":false,"template":"","format":"standard","meta":{"footnotes":""},"categories":[1],"tags":[1906,1899,28],"_links":{"self":[{"href":"https:\/\/enlamira.info\/index.php\/wp-json\/wp\/v2\/posts\/18425"}],"collection":[{"href":"https:\/\/enlamira.info\/index.php\/wp-json\/wp\/v2\/posts"}],"about":[{"href":"https:\/\/enlamira.info\/index.php\/wp-json\/wp\/v2\/types\/post"}],"author":[{"embeddable":true,"href":"https:\/\/enlamira.info\/index.php\/wp-json\/wp\/v2\/users\/4"}],"replies":[{"embeddable":true,"href":"https:\/\/enlamira.info\/index.php\/wp-json\/wp\/v2\/comments?post=18425"}],"version-history":[{"count":1,"href":"https:\/\/enlamira.info\/index.php\/wp-json\/wp\/v2\/posts\/18425\/revisions"}],"predecessor-version":[{"id":18426,"href":"https:\/\/enlamira.info\/index.php\/wp-json\/wp\/v2\/posts\/18425\/revisions\/18426"}],"wp:featuredmedia":[{"embeddable":true,"href":"https:\/\/enlamira.info\/index.php\/wp-json\/wp\/v2\/media\/18428"}],"wp:attachment":[{"href":"https:\/\/enlamira.info\/index.php\/wp-json\/wp\/v2\/media?parent=18425"}],"wp:term":[{"taxonomy":"category","embeddable":true,"href":"https:\/\/enlamira.info\/index.php\/wp-json\/wp\/v2\/categories?post=18425"},{"taxonomy":"post_tag","embeddable":true,"href":"https:\/\/enlamira.info\/index.php\/wp-json\/wp\/v2\/tags?post=18425"}],"curies":[{"name":"wp","href":"https:\/\/api.w.org\/{rel}","templated":true}]}}