{"id":1842,"date":"2024-03-24T22:29:45","date_gmt":"2024-03-25T01:29:45","guid":{"rendered":"https:\/\/enlamira.info\/?p=1842"},"modified":"2024-03-24T23:09:35","modified_gmt":"2024-03-25T02:09:35","slug":"victoria-villarruel-cruzo-a-estela-de-carlotto-respeta-al-pueblo-argentino-que-les-dijo-no-a-ustedes-tambien","status":"publish","type":"post","link":"https:\/\/enlamira.info\/index.php\/2024\/03\/24\/victoria-villarruel-cruzo-a-estela-de-carlotto-respeta-al-pueblo-argentino-que-les-dijo-no-a-ustedes-tambien\/","title":{"rendered":"Victoria Villarruel cruz\u00f3 a Estela de Carlotto: \u201cRespet\u00e1 al pueblo argentino que les dijo no a ustedes tambi\u00e9n\u201d"},"content":{"rendered":"\n<p>La vicepresidenta critic\u00f3 en las redes sociales a l\u00edder de Abuelas de Plaza de Mayo, quien inst\u00f3 a \u201ccansar\u201d a Javier Milei \u201chasta que se vaya\u201d.<\/p>\n\n\n\n<p>En medio de los actos por los 48 a\u00f1os de la \u00faltima\u00a0dictadura\u00a0militar, la vicepresidenta\u00a0Victoria\u00a0Villarruel\u00a0se cruz\u00f3 este domingo con la\u00a0titular\u00a0de Abuelas de Plaza de Mayo,\u00a0Estela de Carlotto.\u00a0<\/p>\n\n\n\n<p>La mujer emblema de los Derechos Humanos en Argentina ley\u00f3 este domingo por la tarde el\u00a0documento\u00a0que elabor\u00f3 junto a\u00a0Madres de Plaza de Mayo\u00a0por el\u00a0D\u00eda de la\u00a0Memoria,donde cuestionaron al Gobierno y aseguraron que seguir\u00e1n \u201cpreguntando d\u00f3nde est\u00e1n los cuerpos de nuestros desaparecidos\u201d.<\/p>\n\n\n\n<p>La vicepresidenta critic\u00f3 en las redes sociales a l\u00edder de Abuelas de Plaza de Mayo, quien inst\u00f3 a \u201ccansar\u201d a Javier Milei \u201chasta que se vaya\u201d.<\/p>\n\n\n\n<p>\u201cSeguimos reclamando una ley contra funcionarios que desestimen los cr\u00edmenes y a sus v\u00edctimas\u201d, asegur\u00f3\u00a0Carlotto\u00a0ante el p\u00fablico, que reclamaba un paro general.<\/p>\n\n\n\n<p>\u201cLos principales civiles del terrorismo de Estado contin\u00faan, en su mayor\u00eda, impunes. Son el poder econ\u00f3mico y empresarial del poder econ\u00f3mico. Para ellos tambi\u00e9n exigimos juicio y castigo Ya\u201d, expres\u00f3.<\/p>\n\n\n\n<p>\u201cCarlotto, a vos no te vot\u00f3 nadie, vot\u00f3 a Javier Milei. Respet\u00e1 al pueblo argentino que les dijo no a ustedes tambi\u00e9n\u201d, contest\u00f3, por su parte, Villarruel, que cerr\u00f3 con el hashtag \u201c#NoFueron30000\u2033.<\/p>\n\n\n\n<figure class=\"wp-block-embed is-type-rich is-provider-twitter wp-block-embed-twitter\"><div class=\"wp-block-embed__wrapper\">\n<blockquote class=\"twitter-tweet\" data-width=\"550\" data-dnt=\"true\"><p lang=\"es\" dir=\"ltr\">Carlotto a vos no te vot\u00f3 NADIE, vot\u00f3 a <a href=\"https:\/\/twitter.com\/JMilei?ref_src=twsrc%5Etfw\">@JMilei<\/a>. Respet\u00e1 al pueblo argentino que les dijo NO a uds tambi\u00e9n. <a href=\"https:\/\/twitter.com\/hashtag\/NoFueron30000?src=hash&amp;ref_src=twsrc%5Etfw\">#NoFueron30000<\/a> <a href=\"https:\/\/t.co\/xYh5SgzAVY\">pic.twitter.com\/xYh5SgzAVY<\/a><\/p>&mdash; Victoria Villarruel (@VickyVillarruel) <a href=\"https:\/\/twitter.com\/VickyVillarruel\/status\/1771990064748277931?ref_src=twsrc%5Etfw\">March 24, 2024<\/a><\/blockquote><script async src=\"https:\/\/platform.twitter.com\/widgets.js\" charset=\"utf-8\"><\/script>\n<\/div><\/figure>\n","protected":false},"excerpt":{"rendered":"<p>La vicepresidenta critic\u00f3 en las redes sociales a l\u00edder de Abuelas de Plaza de Mayo, quien inst\u00f3 a \u201ccansar\u201d a Javier Milei \u201chasta que se vaya\u201d. En medio de los actos por los 48 a\u00f1os de la \u00faltima\u00a0dictadura\u00a0militar, la vicepresidenta\u00a0Victoria\u00a0Villarruel\u00a0se cruz\u00f3 este domingo con la\u00a0titular\u00a0de Abuelas de Plaza de Mayo,\u00a0Estela de Carlotto.\u00a0 La mujer emblema [&hellip;]<\/p>\n","protected":false},"author":2,"featured_media":1844,"comment_status":"open","ping_status":"open","sticky":false,"template":"","format":"standard","meta":{"footnotes":""},"categories":[20],"tags":[],"_links":{"self":[{"href":"https:\/\/enlamira.info\/index.php\/wp-json\/wp\/v2\/posts\/1842"}],"collection":[{"href":"https:\/\/enlamira.info\/index.php\/wp-json\/wp\/v2\/posts"}],"about":[{"href":"https:\/\/enlamira.info\/index.php\/wp-json\/wp\/v2\/types\/post"}],"author":[{"embeddable":true,"href":"https:\/\/enlamira.info\/index.php\/wp-json\/wp\/v2\/users\/2"}],"replies":[{"embeddable":true,"href":"https:\/\/enlamira.info\/index.php\/wp-json\/wp\/v2\/comments?post=1842"}],"version-history":[{"count":1,"href":"https:\/\/enlamira.info\/index.php\/wp-json\/wp\/v2\/posts\/1842\/revisions"}],"predecessor-version":[{"id":1843,"href":"https:\/\/enlamira.info\/index.php\/wp-json\/wp\/v2\/posts\/1842\/revisions\/1843"}],"wp:featuredmedia":[{"embeddable":true,"href":"https:\/\/enlamira.info\/index.php\/wp-json\/wp\/v2\/media\/1844"}],"wp:attachment":[{"href":"https:\/\/enlamira.info\/index.php\/wp-json\/wp\/v2\/media?parent=1842"}],"wp:term":[{"taxonomy":"category","embeddable":true,"href":"https:\/\/enlamira.info\/index.php\/wp-json\/wp\/v2\/categories?post=1842"},{"taxonomy":"post_tag","embeddable":true,"href":"https:\/\/enlamira.info\/index.php\/wp-json\/wp\/v2\/tags?post=1842"}],"curies":[{"name":"wp","href":"https:\/\/api.w.org\/{rel}","templated":true}]}}