{"id":18394,"date":"2025-08-16T00:01:00","date_gmt":"2025-08-16T03:01:00","guid":{"rendered":"https:\/\/enlamira.info\/?p=18394"},"modified":"2025-08-15T23:35:48","modified_gmt":"2025-08-16T02:35:48","slug":"capturaron-en-esteban-echeverria-a-la-lider-de-una-organizacion-narco-en-buenos-aires","status":"publish","type":"post","link":"https:\/\/enlamira.info\/index.php\/2025\/08\/16\/capturaron-en-esteban-echeverria-a-la-lider-de-una-organizacion-narco-en-buenos-aires\/","title":{"rendered":"Capturaron en Esteban Echeverr\u00eda a la l\u00edder de una organizaci\u00f3n narco en Buenos Aires"},"content":{"rendered":"\n<p>La l\u00edder peruana de una organizaci\u00f3n narco en Buenos Aires, conocida como \u201cLa Negra\u201d, fue capturada en Esteban Echeverr\u00eda tras una intensa investigaci\u00f3n que comenz\u00f3 en julio de este a\u00f1o por parte del Ministerio de Seguridad Nacional.<\/p>\n\n\n\n<p>A la imputada se le atribuye haber liderado entre noviembre de 2022 y junio pasado una estructura narco integrada por al menos diez personas, cuyo campo de operaciones se encontraba en distintas ciudades del interior de la provincia de Buenos Aires.<\/p>\n\n\n\n<p>De acuerdo a la pesquisa, la mujer organizaba las maniobras de los narcos, gestionando el aprovisionamiento de su banda en las inmediaciones de la Ciudad Aut\u00f3noma de Buenos Aires, al tiempo que se encargaba de la venta.<\/p>\n\n\n\n<p>\u201cEn cuanto al modus operandi, la droga era enviada desde la Capital Federal y Mar del Plata hacia las ciudades de Carlos Tejedor y 30 de Agosto, para su posterior distribuci\u00f3n y comercializaci\u00f3n en esas regiones\u201d, explicaron las autoridades.<\/p>\n\n\n\n<p>Ante la peligrosidad de la mencionada, el Juzgado Federal de Primera Instancia de Pehuaj\u00f3, a cargo de H\u00e9ctor Andr\u00e9s Heim, le solicit\u00f3 a la Divisi\u00f3n B\u00fasqueda de Pr\u00f3fugos de la PFA que se la detenga.<\/p>\n\n\n\n<p>Tras las tareas de campo, los federales efectuaron diez allanamientos en los que incautaron varios elementos probatorios y fueron detenidos algunos miembros de esa organizaci\u00f3n, no obstante, la principal implicada permanec\u00eda pr\u00f3fuga.<\/p>\n\n\n\n<p>En los \u00faltimos d\u00edas, Heim encomend\u00f3 a los diversos an\u00e1lisis e inteligencia, los cuales permitieron identificar varios domicilios ubicados en distintas zonas del conurbano bonaerense, en los cuales \u201cLa Negra\u201d intercambiaba su permanencia.<\/p>\n\n\n\n<p>En consecuencia, se implementaron operativos de vigilancias, alternando diferentes d\u00edas y horarios, hasta que en las \u00faltimas horas la sospechosa fue detectada mientras caminaba en la intersecci\u00f3n de la avenida del Sur y Edmundo Damici, localidad de 9 de abril, partido bonaerense de Esteban Echeverr\u00eda, donde fue inmediatamente detenida.<\/p>\n\n\n\n<p>La acusada, de nacionalidad peruana y de 56 a\u00f1os, qued\u00f3 a disposici\u00f3n del magistrado interventor por infracci\u00f3n a la Ley Nacional de Drogas.<\/p>\n","protected":false},"excerpt":{"rendered":"<p>La l\u00edder peruana de una organizaci\u00f3n narco en Buenos Aires, conocida como \u201cLa Negra\u201d, fue capturada en Esteban Echeverr\u00eda tras una intensa investigaci\u00f3n que comenz\u00f3 en julio de este a\u00f1o por parte del Ministerio de Seguridad Nacional. A la imputada se le atribuye haber liderado entre noviembre de 2022 y junio pasado una estructura narco [&hellip;]<\/p>\n","protected":false},"author":4,"featured_media":18396,"comment_status":"open","ping_status":"open","sticky":false,"template":"","format":"standard","meta":{"footnotes":""},"categories":[1,32],"tags":[28,2004],"_links":{"self":[{"href":"https:\/\/enlamira.info\/index.php\/wp-json\/wp\/v2\/posts\/18394"}],"collection":[{"href":"https:\/\/enlamira.info\/index.php\/wp-json\/wp\/v2\/posts"}],"about":[{"href":"https:\/\/enlamira.info\/index.php\/wp-json\/wp\/v2\/types\/post"}],"author":[{"embeddable":true,"href":"https:\/\/enlamira.info\/index.php\/wp-json\/wp\/v2\/users\/4"}],"replies":[{"embeddable":true,"href":"https:\/\/enlamira.info\/index.php\/wp-json\/wp\/v2\/comments?post=18394"}],"version-history":[{"count":1,"href":"https:\/\/enlamira.info\/index.php\/wp-json\/wp\/v2\/posts\/18394\/revisions"}],"predecessor-version":[{"id":18395,"href":"https:\/\/enlamira.info\/index.php\/wp-json\/wp\/v2\/posts\/18394\/revisions\/18395"}],"wp:featuredmedia":[{"embeddable":true,"href":"https:\/\/enlamira.info\/index.php\/wp-json\/wp\/v2\/media\/18396"}],"wp:attachment":[{"href":"https:\/\/enlamira.info\/index.php\/wp-json\/wp\/v2\/media?parent=18394"}],"wp:term":[{"taxonomy":"category","embeddable":true,"href":"https:\/\/enlamira.info\/index.php\/wp-json\/wp\/v2\/categories?post=18394"},{"taxonomy":"post_tag","embeddable":true,"href":"https:\/\/enlamira.info\/index.php\/wp-json\/wp\/v2\/tags?post=18394"}],"curies":[{"name":"wp","href":"https:\/\/api.w.org\/{rel}","templated":true}]}}