{"id":18389,"date":"2025-08-15T00:28:32","date_gmt":"2025-08-15T03:28:32","guid":{"rendered":"https:\/\/enlamira.info\/?p=18389"},"modified":"2025-08-15T00:28:32","modified_gmt":"2025-08-15T03:28:32","slug":"un-informe-alerta-que-el-gobierno-de-kicillof-ajusto-salarios-y-aun-asi-tiene-las-cuentas-en-rojo","status":"publish","type":"post","link":"https:\/\/enlamira.info\/index.php\/2025\/08\/15\/un-informe-alerta-que-el-gobierno-de-kicillof-ajusto-salarios-y-aun-asi-tiene-las-cuentas-en-rojo\/","title":{"rendered":"Un informe alerta que el Gobierno de Kicillof ajust\u00f3 salarios y aun as\u00ed tiene las cuentas en rojo"},"content":{"rendered":"\n<p>El senador bonaerense del bloque UCR + Cambio Federal, Marcelo Daletto, elabor\u00f3 un nuevo informe sobre la Ejecuci\u00f3n Presupuestaria del primer trimestre de 2025 de la provincia de Buenos Aires, critic\u00f3 a la administraci\u00f3n del gobernador Axel Kicillof por la falta de transparencia y encendi\u00f3 alarmas por los datos.<\/p>\n\n\n\n<p>\u201cLos bonaerenses se est\u00e1n enterando de la Ejecuci\u00f3n Presupuestaria por nosotros y no por la provincia de Buenos Aires, como corresponde. Estamos en agosto y si no fuera por el trabajo que realizamos, no sabr\u00edamos c\u00f3mo se gast\u00f3 en lo que va del a\u00f1o\u201d, remarc\u00f3 Daletto.<\/p>\n\n\n\n<p>Y sum\u00f3: \u201cUna vez m\u00e1s, el Gobierno de Kicillof vuelve a incumplir con la Ley de Responsabilidad Fiscal N\u00b025.917 que en su Art\u00edculo 7 expresa que cada provincia, CABA y el Gobierno nacional \u201cCon un rezago de un trimestre, difundir\u00e1n informaci\u00f3n trimestral de la ejecuci\u00f3n presupuestaria (base devengado y base caja), del stock de la deuda p\u00fablica, incluida la flotante como as\u00ed tambi\u00e9n los programas bilaterales de financiamiento, y del pago de servicios (\u2026)\u201d.<\/p>\n\n\n\n<p>\u201cPor eso, los datos correspondientes al primer trimestre 2025 se deber\u00edan haber informado antes del 30 de junio y no fue as\u00ed, cuando la tecnolog\u00eda nos permite un acceso inmediato como en el caso de la Naci\u00f3n, que todos los meses publica cuanto ingresa y cuanto egresa\u201d, detall\u00f3 el Legislador.<\/p>\n\n\n\n<p>Y agreg\u00f3 que los \u201cPresupuestos tienen comportamientos estacionales y en cinco a\u00f1os del Gobierno de Kicillof si bien siempre tuvo un d\u00e9ficit financiero en el a\u00f1o, nunca lo tuvo en el primer trimestre\u201d.<\/p>\n\n\n\n<p>Para Daletto, este dato \u201cnovedoso y que aparece por primera vez es una alarma para la situaci\u00f3n fiscal de la Provincia, un desequilibrio que demostrar\u00eda un deterioro en la solidez de las cuentas p\u00fablicas\u201d.<\/p>\n\n\n\n<p>En otro orden, el chacabuquense manifest\u00f3 que en \u201cel primer trimestre de 2025, todas las Provincias registraron un crecimiento real en el gasto en salarios respecto al mismo per\u00edodo 2024, con la \u00fanica excepci\u00f3n de la provincia de Buenos Aires. \u00c9sta aplic\u00f3 un recorte en t\u00e9rminos reales pero la contenci\u00f3n salarial no fue suficiente para alcanzar el equilibrio fiscal\u201d.<\/p>\n\n\n\n<p>En tanto, el senador bonaerense dijo que como \u201cdato positivo tenemos que destacar que el gasto de capital, a diferencia de otras partidas, en el primer trimestre de 2025, aument\u00f3 un 80% en t\u00e9rminos reales respecto al mismo per\u00edodo del a\u00f1o anterior (pas\u00f3 de un 2,9% en 2024 a un 5,1% en 2025)\u201d.<\/p>\n\n\n\n<p>\u201cCuanto menos es el gasto corriente y mayor el gasto de capital, mejor estar\u00e1 la sociedad y si bien la Provincia mostr\u00f3 una mejora, seguimos lejos de alcanzar el ideal necesario\u201d, evalu\u00f3 el legislador.<\/p>\n\n\n\n<p>Para cerrar, el referente de la Cuarta Secci\u00f3n puntualiz\u00f3 en que la Provincia \u201cincumple la Ley de Responsabilidad Fiscal al no publicar la ejecuci\u00f3n presupuestaria del primer trimestre en los plazos establecidos, omisi\u00f3n que implica una falta de transparencia y se torna a\u00fan m\u00e1s preocupante cuando los datos que hemos obtenido del Ministerio de Econom\u00eda de la Naci\u00f3n revelan un desequilibrio en las finanzas p\u00fablicas provinciales\u201d.<\/p>\n","protected":false},"excerpt":{"rendered":"<p>El senador bonaerense del bloque UCR + Cambio Federal, Marcelo Daletto, elabor\u00f3 un nuevo informe sobre la Ejecuci\u00f3n Presupuestaria del primer trimestre de 2025 de la provincia de Buenos Aires, critic\u00f3 a la administraci\u00f3n del gobernador Axel Kicillof por la falta de transparencia y encendi\u00f3 alarmas por los datos. \u201cLos bonaerenses se est\u00e1n enterando de [&hellip;]<\/p>\n","protected":false},"author":4,"featured_media":18390,"comment_status":"open","ping_status":"open","sticky":false,"template":"","format":"standard","meta":{"footnotes":""},"categories":[1],"tags":[28,1055],"_links":{"self":[{"href":"https:\/\/enlamira.info\/index.php\/wp-json\/wp\/v2\/posts\/18389"}],"collection":[{"href":"https:\/\/enlamira.info\/index.php\/wp-json\/wp\/v2\/posts"}],"about":[{"href":"https:\/\/enlamira.info\/index.php\/wp-json\/wp\/v2\/types\/post"}],"author":[{"embeddable":true,"href":"https:\/\/enlamira.info\/index.php\/wp-json\/wp\/v2\/users\/4"}],"replies":[{"embeddable":true,"href":"https:\/\/enlamira.info\/index.php\/wp-json\/wp\/v2\/comments?post=18389"}],"version-history":[{"count":1,"href":"https:\/\/enlamira.info\/index.php\/wp-json\/wp\/v2\/posts\/18389\/revisions"}],"predecessor-version":[{"id":18391,"href":"https:\/\/enlamira.info\/index.php\/wp-json\/wp\/v2\/posts\/18389\/revisions\/18391"}],"wp:featuredmedia":[{"embeddable":true,"href":"https:\/\/enlamira.info\/index.php\/wp-json\/wp\/v2\/media\/18390"}],"wp:attachment":[{"href":"https:\/\/enlamira.info\/index.php\/wp-json\/wp\/v2\/media?parent=18389"}],"wp:term":[{"taxonomy":"category","embeddable":true,"href":"https:\/\/enlamira.info\/index.php\/wp-json\/wp\/v2\/categories?post=18389"},{"taxonomy":"post_tag","embeddable":true,"href":"https:\/\/enlamira.info\/index.php\/wp-json\/wp\/v2\/tags?post=18389"}],"curies":[{"name":"wp","href":"https:\/\/api.w.org\/{rel}","templated":true}]}}