{"id":18386,"date":"2025-08-15T00:27:44","date_gmt":"2025-08-15T03:27:44","guid":{"rendered":"https:\/\/enlamira.info\/?p=18386"},"modified":"2025-08-15T00:27:44","modified_gmt":"2025-08-15T03:27:44","slug":"quilmes-inauguro-el-centro-de-gestion-educativa-para-jovenes-y-adultos","status":"publish","type":"post","link":"https:\/\/enlamira.info\/index.php\/2025\/08\/15\/quilmes-inauguro-el-centro-de-gestion-educativa-para-jovenes-y-adultos\/","title":{"rendered":"Quilmes inaugur\u00f3 el Centro de Gesti\u00f3n Educativa para J\u00f3venes y Adultos"},"content":{"rendered":"\n<p>Funcionarios del Municipio de Quilmes llevaron a cabo la inauguraci\u00f3n del Centro de Gesti\u00f3n Educativa para Personas J\u00f3venes y Adultas (sede administrativa FinEs Quilmes), en las calles Mitre y Col\u00f3n, en Quilmes Centro.<\/p>\n\n\n\n<p>\u201cLas aulas hist\u00f3ricas del Normal, en Mitre y Col\u00f3n, estaban en desuso y el espacio se restaur\u00f3 y se recuper\u00f3 a trav\u00e9s de la iniciativa y el trabajo conjunto con el Director de la escuela. Entonces se produjo este espacio para educaci\u00f3n de adultos, y como sede administrativa del Plan FinEs, y que adem\u00e1s el Municipio va a estar presente como Centro de Gesti\u00f3n Educativa para personas j\u00f3venes y adultas de manera diaria\u201d, expres\u00f3 el secretario de Educaci\u00f3n, Culturas y Deportes, Joaqu\u00edn Desmery.<\/p>\n\n\n\n<p>\u201cLas personas mayores de 18, cuando quieran averiguar sobre cuestiones de la finalizaci\u00f3n de su secundario, alg\u00fan curso de oficio o formaci\u00f3n profesional puedan acercarse ac\u00e1 y obtener informaci\u00f3n. Esta es la idea, que sea la puerta de entrada para aquellos que no pudieron completar sus estudios y que el Municipio los abrace para dar las opciones para poder continuar\u201d, agreg\u00f3 el funcionario.<\/p>\n\n\n\n<p>Mientras que el subdirector de la Direcci\u00f3n J\u00f3venes, Adultos y Adultos Mayores de la Provincia de Buenos Aires, Marcelo Roca, sostuvo: \u201cEl lugar que le damos a las personas de trabajo tambi\u00e9n habla de cuanto dignificamos nuestra tarea, as\u00ed que sinceramente gracias porque ac\u00e1 hay un grupo de personas que hace muchos a\u00f1os trabaja en el programa y otros se fueron incorporando. El programa Fines en Quilmes es un sello de identidad y muchos municipios est\u00e1n ocupando espacios y dando respuestas al vac\u00edo del Gobierno Nacional\u201d.<\/p>\n\n\n\n<p>Por su parte, la coordinadora distrital de FinEs en Quilmes y candidata a consejera escolar por Fuerza Patria Quilmes, Karen Alarc\u00f3n, relat\u00f3: \u201cTenemos comisiones de FinEs en distintos lugares como clubes de barrio, merenderos, sociedades de fomento y dem\u00e1s. La idea es poder llegar a los vecinos que no terminaron su formaci\u00f3n en tiempo y forma, entonces es una respuesta que se viene a dar desde 2008 y hace 15 a\u00f1os en la Provincia de Buenos Aires para que puedan continuar sus estudios. Ahora tenemos mayor accesibilidad en este espacio porque todos los colectivos conducen a Quilmes\u201d.<\/p>\n\n\n\n<p>La sede ser\u00e1 un espacio de cogesti\u00f3n entre la Comuna y la Provincia de Buenos Aires para la educaci\u00f3n de j\u00f3venes y adultos el cual permite asesorarse y conocer la oferta de finalizaci\u00f3n de estudios en el distrito: Primaria; FinEs, Formaci\u00f3n profesional, y otras propuestas educativas para j\u00f3venes, adultos y adultos mayores.<\/p>\n\n\n\n<p>All\u00ed se desarroll\u00f3 una puesta en valor integral que incluye la refacci\u00f3n a nuevo de dos aulas y del laboratorio. Sus d\u00edas y horarios de atenci\u00f3n ser\u00e1n martes, mi\u00e9rcoles y jueves de 9 a 15; y lunes y viernes de 15 a 19.<\/p>\n\n\n\n<p>Hoy en d\u00eda, el Programa de Finalizaci\u00f3n de Estudios Primarios y Secundarios (FinEs) viene siendo sostenido por la Provincia. En Quilmes se cuenta con 41 sedes y 179 comisiones. Actualmente son 1.108 los estudiantes inscriptos, 880 en proceso de inscripci\u00f3n, y siguen abiertas las inscripciones. En julio de 2025 se egresaron m\u00e1s de 300 estudiantes. Desde sus inicios en el a\u00f1o 2011 en Quilmes, el programa lleva alrededor de 10.000 egresados.<\/p>\n","protected":false},"excerpt":{"rendered":"<p>Funcionarios del Municipio de Quilmes llevaron a cabo la inauguraci\u00f3n del Centro de Gesti\u00f3n Educativa para Personas J\u00f3venes y Adultas (sede administrativa FinEs Quilmes), en las calles Mitre y Col\u00f3n, en Quilmes Centro. \u201cLas aulas hist\u00f3ricas del Normal, en Mitre y Col\u00f3n, estaban en desuso y el espacio se restaur\u00f3 y se recuper\u00f3 a trav\u00e9s [&hellip;]<\/p>\n","protected":false},"author":4,"featured_media":18387,"comment_status":"open","ping_status":"open","sticky":false,"template":"","format":"standard","meta":{"footnotes":""},"categories":[1],"tags":[28,443],"_links":{"self":[{"href":"https:\/\/enlamira.info\/index.php\/wp-json\/wp\/v2\/posts\/18386"}],"collection":[{"href":"https:\/\/enlamira.info\/index.php\/wp-json\/wp\/v2\/posts"}],"about":[{"href":"https:\/\/enlamira.info\/index.php\/wp-json\/wp\/v2\/types\/post"}],"author":[{"embeddable":true,"href":"https:\/\/enlamira.info\/index.php\/wp-json\/wp\/v2\/users\/4"}],"replies":[{"embeddable":true,"href":"https:\/\/enlamira.info\/index.php\/wp-json\/wp\/v2\/comments?post=18386"}],"version-history":[{"count":1,"href":"https:\/\/enlamira.info\/index.php\/wp-json\/wp\/v2\/posts\/18386\/revisions"}],"predecessor-version":[{"id":18388,"href":"https:\/\/enlamira.info\/index.php\/wp-json\/wp\/v2\/posts\/18386\/revisions\/18388"}],"wp:featuredmedia":[{"embeddable":true,"href":"https:\/\/enlamira.info\/index.php\/wp-json\/wp\/v2\/media\/18387"}],"wp:attachment":[{"href":"https:\/\/enlamira.info\/index.php\/wp-json\/wp\/v2\/media?parent=18386"}],"wp:term":[{"taxonomy":"category","embeddable":true,"href":"https:\/\/enlamira.info\/index.php\/wp-json\/wp\/v2\/categories?post=18386"},{"taxonomy":"post_tag","embeddable":true,"href":"https:\/\/enlamira.info\/index.php\/wp-json\/wp\/v2\/tags?post=18386"}],"curies":[{"name":"wp","href":"https:\/\/api.w.org\/{rel}","templated":true}]}}