{"id":1838,"date":"2024-03-24T22:27:44","date_gmt":"2024-03-25T01:27:44","guid":{"rendered":"https:\/\/enlamira.info\/?p=1838"},"modified":"2024-03-24T23:20:07","modified_gmt":"2024-03-25T02:20:07","slug":"la-tajante-autocritica-de-agustin-palavecino-sobre-su-presente-en-river","status":"publish","type":"post","link":"https:\/\/enlamira.info\/index.php\/2024\/03\/24\/la-tajante-autocritica-de-agustin-palavecino-sobre-su-presente-en-river\/","title":{"rendered":"La tajante autocr\u00edtica de Agust\u00edn Palavecino sobre su presente en River"},"content":{"rendered":"\n<p>El mediocampista, que fue titular en la goleada que sufri\u00f3 su equipo en Mendoza, habl\u00f3 su p\u00e1lida performance con la camiseta del Millonario.<\/p>\n\n\n\n<p>Antes de lo que fue la dura derrota de River por 4-0 ante Independiente Rivadavia, por un amistoso en Mendoza, Agust\u00edn Palavecino se refiri\u00f3 a la chance que iba a tener despu\u00e9s de mucho tiempo de jugar de titular y fue autocr\u00edtico ante el poco rodaje que viene teniendo en el equipo dirigido por Mart\u00edn Demichelis.<\/p>\n\n\n\n<p>En un di\u00e1logo con ESPN, Palavecino repas\u00f3 su recorrido en el Millonario y record\u00f3 la sobrecarga en el isquiotibial de la pierna izquierda que sufri\u00f3 a principio de la temporada que lo margin\u00f3 en los primeros partidos: \u201cEn mi primer a\u00f1o me sent\u00ed muy bien, con mucha confianza, haciendo goles, asistencias\u2026\u00a0Despu\u00e9s tuve una lesi\u00f3n de la cual me cost\u00f3 mucho volver a esa din\u00e1mica de jugar con continuidad\u201d.<\/p>\n\n\n\n<p>Y agreg\u00f3: \u201cRiver tambi\u00e9n requiere de jugadores grand\u00edsimos de mucha jerarqu\u00eda y la verdad que cuando me pas\u00f3 lo dije, en River no podes esperar porque nadie te espera.\u00a0Los jugadores vienen, llegan, tienen sus chances y siempre son muy buenos\u201d.<\/p>\n\n\n\n<p>Lo cierto es que el ex-Platense \u00fanicamente lleva disputados 128 minutos en el a\u00f1o, entre Copa de la Liga y la Copa Argentina, y fue autocr\u00edtico: \u201cDespu\u00e9s,\u00a0en lo personal, cada vez que me toc\u00f3 jugar pequ\u00e9 de ansiedad en muchas decisiones, pero estoy mucho m\u00e1s tranquilo ahora, con otra cabeza. Estoy en un lugar de privilegio y en estos partidos intentar\u00e9 aprovechar la oportunidad\u201d.<\/p>\n","protected":false},"excerpt":{"rendered":"<p>El mediocampista, que fue titular en la goleada que sufri\u00f3 su equipo en Mendoza, habl\u00f3 su p\u00e1lida performance con la camiseta del Millonario. Antes de lo que fue la dura derrota de River por 4-0 ante Independiente Rivadavia, por un amistoso en Mendoza, Agust\u00edn Palavecino se refiri\u00f3 a la chance que iba a tener despu\u00e9s [&hellip;]<\/p>\n","protected":false},"author":2,"featured_media":1840,"comment_status":"open","ping_status":"open","sticky":false,"template":"","format":"standard","meta":{"footnotes":""},"categories":[14],"tags":[],"_links":{"self":[{"href":"https:\/\/enlamira.info\/index.php\/wp-json\/wp\/v2\/posts\/1838"}],"collection":[{"href":"https:\/\/enlamira.info\/index.php\/wp-json\/wp\/v2\/posts"}],"about":[{"href":"https:\/\/enlamira.info\/index.php\/wp-json\/wp\/v2\/types\/post"}],"author":[{"embeddable":true,"href":"https:\/\/enlamira.info\/index.php\/wp-json\/wp\/v2\/users\/2"}],"replies":[{"embeddable":true,"href":"https:\/\/enlamira.info\/index.php\/wp-json\/wp\/v2\/comments?post=1838"}],"version-history":[{"count":2,"href":"https:\/\/enlamira.info\/index.php\/wp-json\/wp\/v2\/posts\/1838\/revisions"}],"predecessor-version":[{"id":1841,"href":"https:\/\/enlamira.info\/index.php\/wp-json\/wp\/v2\/posts\/1838\/revisions\/1841"}],"wp:featuredmedia":[{"embeddable":true,"href":"https:\/\/enlamira.info\/index.php\/wp-json\/wp\/v2\/media\/1840"}],"wp:attachment":[{"href":"https:\/\/enlamira.info\/index.php\/wp-json\/wp\/v2\/media?parent=1838"}],"wp:term":[{"taxonomy":"category","embeddable":true,"href":"https:\/\/enlamira.info\/index.php\/wp-json\/wp\/v2\/categories?post=1838"},{"taxonomy":"post_tag","embeddable":true,"href":"https:\/\/enlamira.info\/index.php\/wp-json\/wp\/v2\/tags?post=1838"}],"curies":[{"name":"wp","href":"https:\/\/api.w.org\/{rel}","templated":true}]}}