{"id":18371,"date":"2025-08-14T13:03:08","date_gmt":"2025-08-14T16:03:08","guid":{"rendered":"https:\/\/enlamira.info\/?p=18371"},"modified":"2025-08-14T13:03:08","modified_gmt":"2025-08-14T16:03:08","slug":"cuidando-a-los-que-nos-cuidan-la-urgencia-de-atender-la-salud-mental-en-fuerzas-de-seguridad-y-bomberos","status":"publish","type":"post","link":"https:\/\/enlamira.info\/index.php\/2025\/08\/14\/cuidando-a-los-que-nos-cuidan-la-urgencia-de-atender-la-salud-mental-en-fuerzas-de-seguridad-y-bomberos\/","title":{"rendered":"Cuidando a los que nos cuidan: la urgencia de atender la salud mental en fuerzas de seguridad y bomberos"},"content":{"rendered":"\n<p>La salud mental de quienes velan por nuestra seguridad es un tema que, pese a su gravedad, sigue siendo un tab\u00fa. El reciente video editorial aborda un asunto alarmante: el alto \u00edndice de suicidios entre fuerzas de seguridad y bomberos, y la urgente necesidad de implementar pol\u00edticas de cuidado y prevenci\u00f3n.<\/p>\n\n\n\n<p>El caso de <strong>Luis Alberto Ram\u00edrez<\/strong>, joven bombero voluntario que falleci\u00f3 por suicidio, se convierte en un ejemplo tr\u00e1gico de una problem\u00e1tica que afecta a estos grupos, y que muchas veces se mantiene en silencio. Las largas jornadas laborales, el trabajo en soledad, la presi\u00f3n constante y los problemas econ\u00f3micos y familiares se suman al desarraigo que sufren, en particular, los prefectos provenientes del interior del pa\u00eds.<\/p>\n\n\n\n<p>El video subraya la falta de programas de salud mental proactivos en las fuerzas, criticando que la ayuda existente es mayormente <strong>reactiva<\/strong>, esperando que los agentes busquen apoyo por su cuenta. Experiencias exitosas, como los programas implementados por la Cruz Roja para prefectos, demuestran que la prevenci\u00f3n y el acompa\u00f1amiento constante son posibles y necesarios.<\/p>\n\n\n\n<p>Hist\u00f3ricamente, algunas instituciones contaban con figuras informales, como los \u201chospitalarios\u201d en los bomberos, encargados de brindar apoyo emocional y seguimiento a sus compa\u00f1eros. Hoy, se propone retomar pr\u00e1cticas similares, apoyadas por los servicios municipales de salud mental, sin necesidad de que un psic\u00f3logo est\u00e9 presente en cada cuartel, pero asegurando un sistema de cuidado real y accesible.<\/p>\n\n\n\n<p>El editorial concluye con un llamado a las autoridades municipales y provinciales para que destinen recursos y atenci\u00f3n a la <strong>salud mental de quienes nos protegen<\/strong>, dejando de lado prejuicios y reconociendo que la mayor\u00eda de los integrantes de fuerzas de seguridad y bomberos son personas comprometidas con la comunidad.<\/p>\n\n\n\n<p><strong>Mensaje central:<\/strong> cuidar a los que nos cuidan no es un gesto opcional: es una obligaci\u00f3n que salva vidas y fortalece la seguridad de todos.<\/p>\n\n\n\n<figure class=\"wp-block-embed is-type-video is-provider-youtube wp-block-embed-youtube wp-embed-aspect-16-9 wp-has-aspect-ratio\"><div class=\"wp-block-embed__wrapper\">\n<iframe loading=\"lazy\" title=\"Cuidando a los que nos cuidan: Editorial sobre suicidios en las fuerzas de seguridad y bomberos\" width=\"640\" height=\"360\" src=\"https:\/\/www.youtube.com\/embed\/85OWIR7sZSk?feature=oembed\" frameborder=\"0\" allow=\"accelerometer; autoplay; clipboard-write; encrypted-media; gyroscope; picture-in-picture; web-share\" referrerpolicy=\"strict-origin-when-cross-origin\" allowfullscreen><\/iframe>\n<\/div><\/figure>\n","protected":false},"excerpt":{"rendered":"<p>La salud mental de quienes velan por nuestra seguridad es un tema que, pese a su gravedad, sigue siendo un tab\u00fa. El reciente video editorial aborda un asunto alarmante: el alto \u00edndice de suicidios entre fuerzas de seguridad y bomberos, y la urgente necesidad de implementar pol\u00edticas de cuidado y prevenci\u00f3n. El caso de Luis [&hellip;]<\/p>\n","protected":false},"author":4,"featured_media":18378,"comment_status":"open","ping_status":"open","sticky":false,"template":"","format":"standard","meta":{"footnotes":""},"categories":[1,23,34],"tags":[2003,2002],"_links":{"self":[{"href":"https:\/\/enlamira.info\/index.php\/wp-json\/wp\/v2\/posts\/18371"}],"collection":[{"href":"https:\/\/enlamira.info\/index.php\/wp-json\/wp\/v2\/posts"}],"about":[{"href":"https:\/\/enlamira.info\/index.php\/wp-json\/wp\/v2\/types\/post"}],"author":[{"embeddable":true,"href":"https:\/\/enlamira.info\/index.php\/wp-json\/wp\/v2\/users\/4"}],"replies":[{"embeddable":true,"href":"https:\/\/enlamira.info\/index.php\/wp-json\/wp\/v2\/comments?post=18371"}],"version-history":[{"count":1,"href":"https:\/\/enlamira.info\/index.php\/wp-json\/wp\/v2\/posts\/18371\/revisions"}],"predecessor-version":[{"id":18379,"href":"https:\/\/enlamira.info\/index.php\/wp-json\/wp\/v2\/posts\/18371\/revisions\/18379"}],"wp:featuredmedia":[{"embeddable":true,"href":"https:\/\/enlamira.info\/index.php\/wp-json\/wp\/v2\/media\/18378"}],"wp:attachment":[{"href":"https:\/\/enlamira.info\/index.php\/wp-json\/wp\/v2\/media?parent=18371"}],"wp:term":[{"taxonomy":"category","embeddable":true,"href":"https:\/\/enlamira.info\/index.php\/wp-json\/wp\/v2\/categories?post=18371"},{"taxonomy":"post_tag","embeddable":true,"href":"https:\/\/enlamira.info\/index.php\/wp-json\/wp\/v2\/tags?post=18371"}],"curies":[{"name":"wp","href":"https:\/\/api.w.org\/{rel}","templated":true}]}}