{"id":18370,"date":"2025-08-14T13:13:51","date_gmt":"2025-08-14T16:13:51","guid":{"rendered":"https:\/\/enlamira.info\/?p=18370"},"modified":"2025-08-14T13:13:51","modified_gmt":"2025-08-14T16:13:51","slug":"entrevista-a-romina-benner-la-familia-pide-justicia-por-el-asesinato-de-mirtha-benner","status":"publish","type":"post","link":"https:\/\/enlamira.info\/index.php\/2025\/08\/14\/entrevista-a-romina-benner-la-familia-pide-justicia-por-el-asesinato-de-mirtha-benner\/","title":{"rendered":"Entrevista a Romina Benner: la familia pide justicia por el asesinato de Mirtha Benner"},"content":{"rendered":"\n<p>Hace un mes y medio, la comunidad de Wilde se conmovi\u00f3 con el tr\u00e1gico asesinato de <strong>Mirtha Benner<\/strong>, reconocida por su car\u00e1cter solidario y su labor en una cooperativa local. En una emotiva entrevista, su hija <strong>Romina Benner<\/strong> comparti\u00f3 detalles sobre los hechos y la frustraci\u00f3n de la familia ante la falta de avances en la investigaci\u00f3n.<\/p>\n\n\n\n<p>Mirtha fue hallada muerta en su hogar por sus familiares, luego de que no respondiera a llamadas ni mensajes. La autopsia determin\u00f3 que la causa de su muerte fue <strong>asfixia mec\u00e1nica<\/strong>, sin indicios de defensa ni de abuso sexual. Seg\u00fan Romina, aunque la familia esperaba hallar pistas en el tel\u00e9fono de su madre, este no aport\u00f3 informaci\u00f3n relevante.<\/p>\n\n\n\n<p>Romina tambi\u00e9n se\u00f1al\u00f3 que Mirtha era <strong>sociable pero cautelosa<\/strong>, y sospecha que el asesino podr\u00eda ser alguien que la conoc\u00eda. Adem\u00e1s, desminti\u00f3 los rumores que apuntaban a conflictos por la propiedad donde viv\u00eda su madre, asegurando que Mirtha llevaba una vida tranquila y sin disputas.<\/p>\n\n\n\n<p>Hasta el momento, la investigaci\u00f3n <strong>no ha identificado sospechosos ni hallado evidencias concretas<\/strong>, lo que genera una profunda angustia en la familia, preocupada de que el responsable a\u00fan est\u00e9 libre. Romina expres\u00f3 su impotencia ante esta situaci\u00f3n y su deseo de que las autoridades logren avances que conduzcan a la justicia.<\/p>\n\n\n\n<p>La entrevista tambi\u00e9n subray\u00f3 la <strong>importancia del periodismo local<\/strong> en estos casos, destacando la necesidad de visibilizar la historia de Mirtha y mantener la presi\u00f3n para que se esclarezca el crimen de una mujer que dej\u00f3 una huella positiva en su comunidad.<\/p>\n\n\n\n<figure class=\"wp-block-embed is-type-video is-provider-youtube wp-block-embed-youtube wp-embed-aspect-16-9 wp-has-aspect-ratio\"><div class=\"wp-block-embed__wrapper\">\n<iframe loading=\"lazy\" title=\"Entrevista: Romina (Hija de Mirtha Venner)\" width=\"640\" height=\"360\" src=\"https:\/\/www.youtube.com\/embed\/m_TqAuY7i3Q?feature=oembed\" frameborder=\"0\" allow=\"accelerometer; autoplay; clipboard-write; encrypted-media; gyroscope; picture-in-picture; web-share\" referrerpolicy=\"strict-origin-when-cross-origin\" allowfullscreen><\/iframe>\n<\/div><\/figure>\n","protected":false},"excerpt":{"rendered":"<p>Hace un mes y medio, la comunidad de Wilde se conmovi\u00f3 con el tr\u00e1gico asesinato de Mirtha Benner, reconocida por su car\u00e1cter solidario y su labor en una cooperativa local. En una emotiva entrevista, su hija Romina Benner comparti\u00f3 detalles sobre los hechos y la frustraci\u00f3n de la familia ante la falta de avances en [&hellip;]<\/p>\n","protected":false},"author":4,"featured_media":18380,"comment_status":"open","ping_status":"open","sticky":false,"template":"","format":"standard","meta":{"footnotes":""},"categories":[1,32,34],"tags":[],"_links":{"self":[{"href":"https:\/\/enlamira.info\/index.php\/wp-json\/wp\/v2\/posts\/18370"}],"collection":[{"href":"https:\/\/enlamira.info\/index.php\/wp-json\/wp\/v2\/posts"}],"about":[{"href":"https:\/\/enlamira.info\/index.php\/wp-json\/wp\/v2\/types\/post"}],"author":[{"embeddable":true,"href":"https:\/\/enlamira.info\/index.php\/wp-json\/wp\/v2\/users\/4"}],"replies":[{"embeddable":true,"href":"https:\/\/enlamira.info\/index.php\/wp-json\/wp\/v2\/comments?post=18370"}],"version-history":[{"count":1,"href":"https:\/\/enlamira.info\/index.php\/wp-json\/wp\/v2\/posts\/18370\/revisions"}],"predecessor-version":[{"id":18381,"href":"https:\/\/enlamira.info\/index.php\/wp-json\/wp\/v2\/posts\/18370\/revisions\/18381"}],"wp:featuredmedia":[{"embeddable":true,"href":"https:\/\/enlamira.info\/index.php\/wp-json\/wp\/v2\/media\/18380"}],"wp:attachment":[{"href":"https:\/\/enlamira.info\/index.php\/wp-json\/wp\/v2\/media?parent=18370"}],"wp:term":[{"taxonomy":"category","embeddable":true,"href":"https:\/\/enlamira.info\/index.php\/wp-json\/wp\/v2\/categories?post=18370"},{"taxonomy":"post_tag","embeddable":true,"href":"https:\/\/enlamira.info\/index.php\/wp-json\/wp\/v2\/tags?post=18370"}],"curies":[{"name":"wp","href":"https:\/\/api.w.org\/{rel}","templated":true}]}}