{"id":18364,"date":"2025-08-14T00:15:52","date_gmt":"2025-08-14T03:15:52","guid":{"rendered":"https:\/\/enlamira.info\/?p=18364"},"modified":"2025-08-14T00:15:52","modified_gmt":"2025-08-14T03:15:52","slug":"larroque-ferraresi-y-sierra-inauguraron-el-nuevo-edificio-para-la-sede-nueva-argentina-del-programa-envion","status":"publish","type":"post","link":"https:\/\/enlamira.info\/index.php\/2025\/08\/14\/larroque-ferraresi-y-sierra-inauguraron-el-nuevo-edificio-para-la-sede-nueva-argentina-del-programa-envion\/","title":{"rendered":"Larroque, Ferraresi y Sierra inauguraron el nuevo edificio para la sede Nueva Argentina del programa Envi\u00f3n"},"content":{"rendered":"\n<p>El ministro de Desarrollo de la Comunidad bonaerense; Andr\u00e9s Larroque, la intendenta de Avellaneda, Magdalena Sierra; y el primer candidato a concejal por Fuerza Patria Avellaneda, Jorge Ferraresi, encabezaron la inauguraci\u00f3n de la sede Nueva Argentina del Envi\u00f3n, el programa de inclusi\u00f3n y desarrollo para j\u00f3venes de 12 a 21 a\u00f1os en situaci\u00f3n de vulnerabilidad.<\/p>\n\n\n\n<p>\u201cEl Envi\u00f3n es uno de nuestros orgullos. En este espacio nuestros pibes no s\u00f3lo aprenden a ser ciudadanos, sino que tambi\u00e9n reciben amor y contenci\u00f3n\u201d, se\u00f1al\u00f3 Magdalena Sierra.<\/p>\n\n\n\n<p>Por su parte, Larroque asegur\u00f3 que \u201cAxel Kicillof, Jorge Ferraresi y Magdalena Sierra son grandes administradores y ponen los recursos donde m\u00e1s se necesita la presencia del Estado\u201d.<\/p>\n\n\n\n<p>\u201cMilei vino a destruir la soberan\u00eda, las capacidades del Estado y la esperanza del pueblo\u201d, expres\u00f3 el Ministro al tiempo que subray\u00f3: \u201cA la crueldad le respondemos con m\u00e1s comunidad\u201d.<\/p>\n\n\n\n<p>Durante el acto tambi\u00e9n se firm\u00f3 la adhesi\u00f3n al Programa Mayores Bonaerenses Activos que otorga 100 becas con una inversi\u00f3n de $4.000.000 por mes.<\/p>\n\n\n\n<p>Asimismo, el Ministerio de Desarrollo de la Comunidad y la Direcci\u00f3n Provincial de Econom\u00eda Social entregaron kits de peluquer\u00eda con m\u00e1quinas, planchitas y tijeras, de manicura con esmaltes, cabina y torno, y kits para adultos mayores de jardiner\u00eda, electricidad y tejido.<\/p>\n\n\n\n<p>Del acto participaron la candidata a diputada provincial, Romina Barreiro; la directora Provincial de Juventudes, Ayel\u00e9n L\u00f3pez; la directora del Envi\u00f3n, Carolina Schmukler; la directora Provincial de Econom\u00eda Social, Florencia Villar; el subsecretario de Organizaci\u00f3n Comunitaria; Santiago Fidanza; la subsecretaria de Pol\u00edticas Sociales, Bernarda Meglia; el subsecretario de Deportes de la Provincia de Buenos Aires; Cristian Cardozo, y la coordinadora de esta sede, Alejandra Miranda.<\/p>\n","protected":false},"excerpt":{"rendered":"<p>El ministro de Desarrollo de la Comunidad bonaerense; Andr\u00e9s Larroque, la intendenta de Avellaneda, Magdalena Sierra; y el primer candidato a concejal por Fuerza Patria Avellaneda, Jorge Ferraresi, encabezaron la inauguraci\u00f3n de la sede Nueva Argentina del Envi\u00f3n, el programa de inclusi\u00f3n y desarrollo para j\u00f3venes de 12 a 21 a\u00f1os en situaci\u00f3n de vulnerabilidad. [&hellip;]<\/p>\n","protected":false},"author":4,"featured_media":18365,"comment_status":"open","ping_status":"open","sticky":false,"template":"","format":"standard","meta":{"footnotes":""},"categories":[1],"tags":[28,224],"_links":{"self":[{"href":"https:\/\/enlamira.info\/index.php\/wp-json\/wp\/v2\/posts\/18364"}],"collection":[{"href":"https:\/\/enlamira.info\/index.php\/wp-json\/wp\/v2\/posts"}],"about":[{"href":"https:\/\/enlamira.info\/index.php\/wp-json\/wp\/v2\/types\/post"}],"author":[{"embeddable":true,"href":"https:\/\/enlamira.info\/index.php\/wp-json\/wp\/v2\/users\/4"}],"replies":[{"embeddable":true,"href":"https:\/\/enlamira.info\/index.php\/wp-json\/wp\/v2\/comments?post=18364"}],"version-history":[{"count":1,"href":"https:\/\/enlamira.info\/index.php\/wp-json\/wp\/v2\/posts\/18364\/revisions"}],"predecessor-version":[{"id":18366,"href":"https:\/\/enlamira.info\/index.php\/wp-json\/wp\/v2\/posts\/18364\/revisions\/18366"}],"wp:featuredmedia":[{"embeddable":true,"href":"https:\/\/enlamira.info\/index.php\/wp-json\/wp\/v2\/media\/18365"}],"wp:attachment":[{"href":"https:\/\/enlamira.info\/index.php\/wp-json\/wp\/v2\/media?parent=18364"}],"wp:term":[{"taxonomy":"category","embeddable":true,"href":"https:\/\/enlamira.info\/index.php\/wp-json\/wp\/v2\/categories?post=18364"},{"taxonomy":"post_tag","embeddable":true,"href":"https:\/\/enlamira.info\/index.php\/wp-json\/wp\/v2\/tags?post=18364"}],"curies":[{"name":"wp","href":"https:\/\/api.w.org\/{rel}","templated":true}]}}