{"id":18347,"date":"2025-08-13T14:55:45","date_gmt":"2025-08-13T17:55:45","guid":{"rendered":"https:\/\/enlamira.info\/?p=18347"},"modified":"2025-08-13T15:09:40","modified_gmt":"2025-08-13T18:09:40","slug":"historico-avellaneda-inicia-el-camino-para-tener-su-primer-santo","status":"publish","type":"post","link":"https:\/\/enlamira.info\/index.php\/2025\/08\/13\/historico-avellaneda-inicia-el-camino-para-tener-su-primer-santo\/","title":{"rendered":"Hist\u00f3rico: Avellaneda inicia el camino para tener su primer santo"},"content":{"rendered":"\n<hr class=\"wp-block-separator has-alpha-channel-opacity\"\/>\n\n\n\n<h2 class=\"wp-block-heading\">Por Marcelo Brunwald<\/h2>\n\n\n\n<p>El d\u00eda de ayer se vivi\u00f3 un momento trascendental para la ciudad de Avellaneda y para toda la Argentina: comenz\u00f3 oficialmente el proceso de canonizaci\u00f3n de <strong>Jorge Cristian P\u00e9rez<\/strong>, joven laico, vecino de Wilde, comprometido con la fe, la comunidad y los valores cristianos. Hoy es reconocido por la Iglesia como <em>Siervo de Dios<\/em>, primer paso en el camino hacia la santidad.<\/p>\n\n\n\n<p>La apertura formal de la causa se realiz\u00f3 en la sede del Obispado de Avellaneda-Lan\u00fas, encabezada por el obispo <strong>Monse\u00f1or Maxi Margni<\/strong>, acompa\u00f1ado por sacerdotes y miembros de la comunidad. Este es el primer expediente de santidad que se abre en la di\u00f3cesis, lo que lo convierte en un hecho hist\u00f3rico.<\/p>\n\n\n\n<figure class=\"wp-block-video\"><video controls src=\"https:\/\/enlamira.info\/wp-content\/uploads\/2025\/08\/WhatsApp-Video-2025-08-12-at-18.50.14.mp4\"><\/video><\/figure>\n\n\n\n<h3 class=\"wp-block-heading\"><strong>\u00bfQui\u00e9n fue Jorge Cristian P\u00e9rez?<\/strong><\/h3>\n\n\n\n<p>Nacido y criado en Wilde, Jorge fue un joven com\u00fan: viajaba en colectivo, andaba en bicicleta, ten\u00eda novia, so\u00f1aba con casarse y formar una familia. Amaba la m\u00fasica, tocaba el bajo en una banda llamada <em>Incon Club<\/em> y gan\u00f3 premios en los Juegos Bonaerenses. Tambi\u00e9n era deportista y muy querido por su grupo de amigos.<\/p>\n\n\n\n<p>Pero su vida tuvo un giro profundo cuando se integr\u00f3 a <strong>Acci\u00f3n Cat\u00f3lica<\/strong>, donde desarroll\u00f3 una intensa vida parroquial. All\u00ed se convirti\u00f3 en referente para otros j\u00f3venes, gui\u00e1ndolos con el ejemplo y demostrando que se puede vivir la fe de manera alegre y cercana.<\/p>\n\n\n\n<figure class=\"wp-block-image size-full\"><img loading=\"lazy\" decoding=\"async\" width=\"900\" height=\"400\" src=\"https:\/\/enlamira.info\/wp-content\/uploads\/2025\/08\/jorge-perez-900x400-1-1.jpg\" alt=\"\" class=\"wp-image-18353\" srcset=\"https:\/\/enlamira.info\/wp-content\/uploads\/2025\/08\/jorge-perez-900x400-1-1.jpg 900w, https:\/\/enlamira.info\/wp-content\/uploads\/2025\/08\/jorge-perez-900x400-1-1-300x133.jpg 300w, https:\/\/enlamira.info\/wp-content\/uploads\/2025\/08\/jorge-perez-900x400-1-1-768x341.jpg 768w\" sizes=\"(max-width: 900px) 100vw, 900px\" \/><\/figure>\n\n\n\n<p>Su amigo <strong>David<\/strong> lo recuerda as\u00ed:<\/p>\n\n\n\n<blockquote class=\"wp-block-quote\">\n<p>\u201cJorge era sencillo, humilde, con Dios como prioridad. Nos uni\u00f3 como grupo, nos ense\u00f1\u00f3 que se pod\u00eda ser feliz dentro de la Iglesia y nos transmit\u00eda una paz incre\u00edble. Nunca te dec\u00eda que no\u201d.<\/p>\n<\/blockquote>\n\n\n\n<h3 class=\"wp-block-heading\"><strong>Un testimonio de perd\u00f3n extremo<\/strong><\/h3>\n\n\n\n<p>Jorge falleci\u00f3 tr\u00e1gicamente el 6 marzo 2000, v\u00edctima de una bala perdida durante un tiroteo en su barrio. Ten\u00eda solo 22 a\u00f1os.<br>En sus \u00faltimos instantes, y pese al dolor, sorprendi\u00f3 con un gesto que marcar\u00eda para siempre su recuerdo:<\/p>\n\n\n\n<blockquote class=\"wp-block-quote\">\n<p>\u201cCuando un vecino habl\u00f3 de vengarlo, \u00e9l, herido y consolando a su madre, dijo: <em>Yo ya los perdon\u00e9<\/em>\u201d, relat\u00f3 David.<\/p>\n<\/blockquote>\n\n\n\n<p>Este acto de perd\u00f3n en una situaci\u00f3n extrema es uno de los rasgos m\u00e1s destacados de su vida cristiana y uno de los motivos que hoy inspiran a abrir su causa.<\/p>\n\n\n\n\n\n<h3 class=\"wp-block-heading\"><strong>Un santo de barrio<\/strong><\/h3>\n\n\n\n<p>El padre Ra\u00fal, otro de los que lo conocieron de cerca, subraya que Jorge viv\u00eda el Evangelio en lo cotidiano: ayudaba a quien lo necesitara, tend\u00eda puentes entre personas enfrentadas, ced\u00eda su abrigo a alguien en la calle y buscaba siempre unir. Todo, sin alardes.<\/p>\n\n\n\n<p>Jorge no era un religioso de claustro ni un predicador lejano; era un joven de barrio, cercano y aut\u00e9ntico. Esa imagen rompe con el estereotipo del santo inalcanzable y muestra que la santidad puede vivirse en lo peque\u00f1o, desde la vida diaria.<\/p>\n\n\n\n<h3 class=\"wp-block-heading\"><strong>El proceso hacia la santidad<\/strong><\/h3>\n\n\n\n<p>La canonizaci\u00f3n tiene varias etapas:<\/p>\n\n\n\n<ol>\n<li><strong>Siervo de Dios<\/strong> \u2013 fase actual, donde se investiga su vida y virtudes.<\/li>\n\n\n\n<li><strong>Venerable<\/strong> \u2013 reconocimiento oficial de virtudes heroicas.<\/li>\n\n\n\n<li><strong>Beato<\/strong> \u2013 requiere la aprobaci\u00f3n de un milagro atribuido a su intercesi\u00f3n.<\/li>\n\n\n\n<li><strong>Santo<\/strong> \u2013 requiere un segundo milagro posterior a la beatificaci\u00f3n.<\/li>\n<\/ol>\n\n\n\n<p>Actualmente, una comisi\u00f3n del Obispado est\u00e1 reuniendo testimonios y documentaci\u00f3n. M\u00e1s de 50 personas ser\u00e1n entrevistadas para dar fe de su vida y obra.<\/p>\n\n\n\n<h3 class=\"wp-block-heading\"><strong>Una devoci\u00f3n que crece<\/strong><\/h3>\n\n\n\n<p>Ya existe una <strong>estampa oficial<\/strong> para la devoci\u00f3n privada y se invita a los fieles a pedir su intercesi\u00f3n. David lo resume as\u00ed:<\/p>\n\n\n\n<blockquote class=\"wp-block-quote\">\n<p>\u201cPod\u00e9s hablar con \u00e9l como con un amigo. Desde un examen hasta un problema de salud, Jorge escucha y acompa\u00f1a\u201d.<\/p>\n<\/blockquote>\n\n\n\n<p>La noticia ha generado orgullo en Avellaneda y emoci\u00f3n entre quienes lo conocieron. Si el proceso avanza, Jorge Cristian P\u00e9rez podr\u00eda convertirse en el primer santo de la di\u00f3cesis y uno de los pocos santos argentinos reconocidos por la Iglesia.<\/p>\n\n\n\n<p>Como dijo el periodista <strong>Marcelo Brunwal<\/strong>, que dio la primicia:<\/p>\n\n\n\n<blockquote class=\"wp-block-quote\">\n<p>\u201cEstamos ante un hecho hist\u00f3rico. Jorge demuestra que todos tenemos la posibilidad de ser santos, incluso desde lo m\u00e1s cotidiano, desde la esquina de nuestro barrio\u201d.<\/p>\n\n\n\n<figure class=\"wp-block-embed is-type-video is-provider-youtube wp-block-embed-youtube wp-embed-aspect-16-9 wp-has-aspect-ratio\"><div class=\"wp-block-embed__wrapper\">\n<iframe loading=\"lazy\" title=\"Nuevo Santo Argentino ser\u00e1 de Avellaneda: Comenz\u00f3 el proceso de Beatificaci\u00f3n de Jorge P\u00e9rez\" width=\"640\" height=\"360\" src=\"https:\/\/www.youtube.com\/embed\/YTmkFl8HTT8?feature=oembed\" frameborder=\"0\" allow=\"accelerometer; autoplay; clipboard-write; encrypted-media; gyroscope; picture-in-picture; web-share\" referrerpolicy=\"strict-origin-when-cross-origin\" allowfullscreen><\/iframe>\n<\/div><\/figure>\n<\/blockquote>\n","protected":false},"excerpt":{"rendered":"<p>Por Marcelo Brunwald El d\u00eda de ayer se vivi\u00f3 un momento trascendental para la ciudad de Avellaneda y para toda la Argentina: comenz\u00f3 oficialmente el proceso de canonizaci\u00f3n de Jorge Cristian P\u00e9rez, joven laico, vecino de Wilde, comprometido con la fe, la comunidad y los valores cristianos. Hoy es reconocido por la Iglesia como Siervo [&hellip;]<\/p>\n","protected":false},"author":4,"featured_media":18354,"comment_status":"open","ping_status":"open","sticky":false,"template":"","format":"standard","meta":{"footnotes":""},"categories":[1,34],"tags":[],"_links":{"self":[{"href":"https:\/\/enlamira.info\/index.php\/wp-json\/wp\/v2\/posts\/18347"}],"collection":[{"href":"https:\/\/enlamira.info\/index.php\/wp-json\/wp\/v2\/posts"}],"about":[{"href":"https:\/\/enlamira.info\/index.php\/wp-json\/wp\/v2\/types\/post"}],"author":[{"embeddable":true,"href":"https:\/\/enlamira.info\/index.php\/wp-json\/wp\/v2\/users\/4"}],"replies":[{"embeddable":true,"href":"https:\/\/enlamira.info\/index.php\/wp-json\/wp\/v2\/comments?post=18347"}],"version-history":[{"count":2,"href":"https:\/\/enlamira.info\/index.php\/wp-json\/wp\/v2\/posts\/18347\/revisions"}],"predecessor-version":[{"id":18360,"href":"https:\/\/enlamira.info\/index.php\/wp-json\/wp\/v2\/posts\/18347\/revisions\/18360"}],"wp:featuredmedia":[{"embeddable":true,"href":"https:\/\/enlamira.info\/index.php\/wp-json\/wp\/v2\/media\/18354"}],"wp:attachment":[{"href":"https:\/\/enlamira.info\/index.php\/wp-json\/wp\/v2\/media?parent=18347"}],"wp:term":[{"taxonomy":"category","embeddable":true,"href":"https:\/\/enlamira.info\/index.php\/wp-json\/wp\/v2\/categories?post=18347"},{"taxonomy":"post_tag","embeddable":true,"href":"https:\/\/enlamira.info\/index.php\/wp-json\/wp\/v2\/tags?post=18347"}],"curies":[{"name":"wp","href":"https:\/\/api.w.org\/{rel}","templated":true}]}}