{"id":1833,"date":"2024-03-24T22:18:57","date_gmt":"2024-03-25T01:18:57","guid":{"rendered":"https:\/\/enlamira.info\/?p=1833"},"modified":"2024-03-24T23:21:36","modified_gmt":"2024-03-25T02:21:36","slug":"cuti-romero-y-sus-ganas-de-ir-a-los-jjoo-en-todo-lo-que-sea-para-argentina-me-encantaria-estar","status":"publish","type":"post","link":"https:\/\/enlamira.info\/index.php\/2024\/03\/24\/cuti-romero-y-sus-ganas-de-ir-a-los-jjoo-en-todo-lo-que-sea-para-argentina-me-encantaria-estar\/","title":{"rendered":"Cuti Romero y sus ganas de ir a los JJOO: \u201cEn todo lo que sea para Argentina, me encantar\u00eda estar\u201d"},"content":{"rendered":"\n<p>El defensor campe\u00f3n del mundo se sum\u00f3 al Dibu Mart\u00ednez, Nicol\u00e1s Tagliafico, Rodrigo De Paul y Nicol\u00e1s Otamendi para ser parte de los citados por Javier Mascherano.<\/p>\n\n\n\n<p>En medio de la preparaci\u00f3n para la pr\u00f3xima Copa Am\u00e9rica en la fecha FIFA,\u00a0Cristian Romero, autor del primer gol en la victoria 3-0 ante El Salvador en el amistoso del viernes pasado,\u00a0se sum\u00f3 a los campeones del mundo que se postularon para disputar los Juegos Ol\u00edmpicos de Par\u00eds con la Selecci\u00f3n Argentina sub 23 dirigida por Javier Mascherano.<\/p>\n\n\n\n<p>\u201cNunca estuve en uno,\u00a0pero me encantar\u00eda tener esa oportunidad. En todo lo que sea para ayudar a mi pa\u00eds me encantar\u00eda estar. No depende de m\u00ed, sino del club. Si Masche me quiere llevar, yo estoy disponible\u201d, asegur\u00f3 Cuti en di\u00e1logo con Gast\u00f3n Edul en TyC Sports.<\/p>\n\n\n\n<figure class=\"wp-block-embed is-type-rich is-provider-twitter wp-block-embed-twitter\"><div class=\"wp-block-embed__wrapper\">\n<blockquote class=\"twitter-tweet\" data-width=\"550\" data-dnt=\"true\"><p lang=\"es\" dir=\"ltr\">CUTI ROMERO: &quot;ME GUSTAR\u00cdA ESTAR EN LOS JUEGOS OL\u00cdMPICOS&quot;<br><br>\ud83c\udde6\ud83c\uddf7 El defensor de la Selecci\u00f3n Argentina se refiri\u00f3 a la posibilidad de integrar el plantel Albiceleste en <a href=\"https:\/\/twitter.com\/hashtag\/Par%C3%ADs2024?src=hash&amp;ref_src=twsrc%5Etfw\">#Par\u00eds2024<\/a>: <br><br>\ud83d\udde3\ufe0f &quot;Nunca tuve la posibilidad de estar. Todo lo que sea para la Selecci\u00f3n, obviamente que me gustar\u00eda\u2026 <a href=\"https:\/\/t.co\/TYLbs7Df4T\">pic.twitter.com\/TYLbs7Df4T<\/a><\/p>&mdash; TyC Sports (@TyCSports) <a href=\"https:\/\/twitter.com\/TyCSports\/status\/1771973148897919266?ref_src=twsrc%5Etfw\">March 24, 2024<\/a><\/blockquote><script async src=\"https:\/\/platform.twitter.com\/widgets.js\" charset=\"utf-8\"><\/script>\n<\/div><\/figure>\n\n\n\n<p>Uno de los capitanes de Tottenham\u00a0se sum\u00f3 a Emiliano Mart\u00ednez, quien asegur\u00f3 que lo \u00fanico que le faltaba con la Albiceleste era el oro,\u00a0Nicol\u00e1s Tagliafico, Rodrigo De Paul y Nicol\u00e1s Otamendi\u00a0como los h\u00e9roes de Catar 2022 que le abrieron la puerta a la gran cita de la capital de Francia de mitad de a\u00f1o.<\/p>\n\n\n\n<p>Por su parte,\u00a0\u00c1ngel Di Mar\u00eda\u00a0ya hab\u00eda adelantado que no participar\u00eda de la misma incluso antes de que se consumara la clasificaci\u00f3n en el Hexagonal Sudamericano de Venezuela: \u201cCreo que ya est\u00e1. Me gan\u00e9 el poder decir hasta ac\u00e1 en el momento en el que yo lo decida.\u00a0La Copa Am\u00e9rica es lo \u00faltimo. Decid\u00ed eso tambi\u00e9n porque tuve muchos a\u00f1os de sufrimiento con las lesiones y cuando no me sal\u00edan las cosas\u201d.<\/p>\n","protected":false},"excerpt":{"rendered":"<p>El defensor campe\u00f3n del mundo se sum\u00f3 al Dibu Mart\u00ednez, Nicol\u00e1s Tagliafico, Rodrigo De Paul y Nicol\u00e1s Otamendi para ser parte de los citados por Javier Mascherano. En medio de la preparaci\u00f3n para la pr\u00f3xima Copa Am\u00e9rica en la fecha FIFA,\u00a0Cristian Romero, autor del primer gol en la victoria 3-0 ante El Salvador en el [&hellip;]<\/p>\n","protected":false},"author":2,"featured_media":1835,"comment_status":"open","ping_status":"open","sticky":false,"template":"","format":"standard","meta":{"footnotes":""},"categories":[14],"tags":[],"_links":{"self":[{"href":"https:\/\/enlamira.info\/index.php\/wp-json\/wp\/v2\/posts\/1833"}],"collection":[{"href":"https:\/\/enlamira.info\/index.php\/wp-json\/wp\/v2\/posts"}],"about":[{"href":"https:\/\/enlamira.info\/index.php\/wp-json\/wp\/v2\/types\/post"}],"author":[{"embeddable":true,"href":"https:\/\/enlamira.info\/index.php\/wp-json\/wp\/v2\/users\/2"}],"replies":[{"embeddable":true,"href":"https:\/\/enlamira.info\/index.php\/wp-json\/wp\/v2\/comments?post=1833"}],"version-history":[{"count":2,"href":"https:\/\/enlamira.info\/index.php\/wp-json\/wp\/v2\/posts\/1833\/revisions"}],"predecessor-version":[{"id":1837,"href":"https:\/\/enlamira.info\/index.php\/wp-json\/wp\/v2\/posts\/1833\/revisions\/1837"}],"wp:featuredmedia":[{"embeddable":true,"href":"https:\/\/enlamira.info\/index.php\/wp-json\/wp\/v2\/media\/1835"}],"wp:attachment":[{"href":"https:\/\/enlamira.info\/index.php\/wp-json\/wp\/v2\/media?parent=1833"}],"wp:term":[{"taxonomy":"category","embeddable":true,"href":"https:\/\/enlamira.info\/index.php\/wp-json\/wp\/v2\/categories?post=1833"},{"taxonomy":"post_tag","embeddable":true,"href":"https:\/\/enlamira.info\/index.php\/wp-json\/wp\/v2\/tags?post=1833"}],"curies":[{"name":"wp","href":"https:\/\/api.w.org\/{rel}","templated":true}]}}