{"id":18327,"date":"2025-08-12T18:14:14","date_gmt":"2025-08-12T21:14:14","guid":{"rendered":"https:\/\/enlamira.info\/?p=18327"},"modified":"2025-08-12T21:09:26","modified_gmt":"2025-08-13T00:09:26","slug":"nuevo-santo-argentino-sera-de-avellaneda-comenzo-el-proceso-de-beatificacion-de-jorge-cristian-perez","status":"publish","type":"post","link":"https:\/\/enlamira.info\/index.php\/2025\/08\/12\/nuevo-santo-argentino-sera-de-avellaneda-comenzo-el-proceso-de-beatificacion-de-jorge-cristian-perez\/","title":{"rendered":"Nuevo Santo Argentino ser\u00e1 de Avellaneda: comenz\u00f3 el proceso de beatificaci\u00f3n de Jorge Cristian P\u00e9rez"},"content":{"rendered":"\n<p>Por Marcelo Brunwald<\/p>\n\n\n\n<p>Una noticia que emociona a Avellaneda y a toda la Argentina: se ha iniciado formalmente el proceso para la beatificaci\u00f3n de Jorge Cristian P\u00e9rez, un joven laico profundamente comprometido con la fe y la comunidad, que podr\u00eda convertirse en el pr\u00f3ximo santo argentino.<\/p>\n\n\n\n<figure class=\"wp-block-image size-large\"><img loading=\"lazy\" decoding=\"async\" width=\"1024\" height=\"1024\" src=\"https:\/\/enlamira.info\/wp-content\/uploads\/2025\/08\/bf92e243-d7ef-42cb-a3e9-511172630302-1024x1024.jpg\" alt=\"\" class=\"wp-image-18328\" srcset=\"https:\/\/enlamira.info\/wp-content\/uploads\/2025\/08\/bf92e243-d7ef-42cb-a3e9-511172630302-1024x1024.jpg 1024w, https:\/\/enlamira.info\/wp-content\/uploads\/2025\/08\/bf92e243-d7ef-42cb-a3e9-511172630302-300x300.jpg 300w, https:\/\/enlamira.info\/wp-content\/uploads\/2025\/08\/bf92e243-d7ef-42cb-a3e9-511172630302-150x150.jpg 150w, https:\/\/enlamira.info\/wp-content\/uploads\/2025\/08\/bf92e243-d7ef-42cb-a3e9-511172630302-768x768.jpg 768w, https:\/\/enlamira.info\/wp-content\/uploads\/2025\/08\/bf92e243-d7ef-42cb-a3e9-511172630302.jpg 1080w\" sizes=\"(max-width: 1024px) 100vw, 1024px\" \/><\/figure>\n\n\n\n<h3 class=\"wp-block-heading\">Su vida<\/h3>\n\n\n\n<p>Jorge Cristian P\u00e9rez naci\u00f3 el 28 de septiembre de 1977. Desde muy joven se involucr\u00f3 en la Iglesia a trav\u00e9s de la Acci\u00f3n Cat\u00f3lica, comenzando su camino de fe en la parroquia Luj\u00e1n de Sarand\u00ed, para luego ser dirigente parroquial en Santa Catalina de Siena, Dock Sud, dentro de la Di\u00f3cesis Avellaneda-Lan\u00fas.<\/p>\n\n\n\n<p>Para muchos, Jorge fue un \u201chermano mayor\u201d, un amigo y delegado que acompa\u00f1aba con dedicaci\u00f3n y amor a los j\u00f3venes del barrio. En su familia, era considerado \u201cel bueno\u201d: una persona inteligente, amable, firme en sus convicciones, sincera y transparente. Su honestidad y perseverancia eran notables, y su risa fuerte y contagiosa iluminaba cualquier encuentro.<\/p>\n\n\n\n<p>Aunque en un momento pens\u00f3 en el sacerdocio, descubri\u00f3 que Dios lo llamaba a santificarse como laico. Paralelamente, estudi\u00f3 geograf\u00eda para ser profesor. Amante de la m\u00fasica, integr\u00f3 una banda de rock y blues con la que gan\u00f3 torneos juveniles bonaerenses, y que inclu\u00eda canciones de su autor\u00eda.<\/p>\n\n\n\n<p>Era un alma eucar\u00edstica, asist\u00eda a misa casi todos los d\u00edas y encontraba en la oraci\u00f3n y el servicio a los dem\u00e1s la alegr\u00eda de su vida.<\/p>\n\n\n\n<h3 class=\"wp-block-heading\">Testimonio exclusivo: Marcelo Brunwald<\/h3>\n\n\n\n<p>El periodista local Marcelo Brunwald, quien conoce bien la hisotria de vida de Jorge, afirm\u00f3:<br><em>&#8220;Todos podemos ser santos. Pudimos convivir con \u00e9l, porque tomaba el bondi 24, jugaba a la pelota, andaba en bici por el barrio, ten\u00eda novia, como cualquiera de nosotros. Eso hace su historia a\u00fan m\u00e1s cercana y humana.&#8221;<\/em><\/p>\n\n\n\n<h3 class=\"wp-block-heading\">Su tr\u00e1gico final y legado de perd\u00f3n<\/h3>\n\n\n\n<p>En el a\u00f1o 2000, Jorge perdi\u00f3 la vida al quedar en medio de un tiroteo mientras acompa\u00f1aba a su mam\u00e1 a la parada del colectivo. Fue herido de una bala de calibre 22 y falleci\u00f3 en el hospital Presidente Per\u00f3n.<\/p>\n\n\n\n<p>Antes de morir, ante la promesa de venganza de un amigo de su hermano, respondi\u00f3 con un testimonio de perd\u00f3n profundo: \u201cDejalos, yo ya los perdon\u00e9\u201d.<\/p>\n\n\n\n<h3 class=\"wp-block-heading\">Etapas del proceso hacia la santidad<\/h3>\n\n\n\n<ol>\n<li><strong>Siervo de Dios<\/strong><br>El proceso se inicia en la di\u00f3cesis local, donde el obispo, junto con un postulador, solicita a Roma el permiso para abrir la causa. Si la Santa Sede concede el <em>Nihil Obstat<\/em> (nada impide), se abre oficialmente la causa.<\/li>\n\n\n\n<li><strong>Venerable<\/strong><br>Se realiza una exhaustiva investigaci\u00f3n diocesana, recopilando testimonios, escritos y pruebas de virtudes heroicas. La documentaci\u00f3n se env\u00eda al Dicasterio para las Causas de los Santos en Roma, que elabora un informe llamado <em>Positio<\/em>. Si el Papa reconoce la vida de virtudes heroicas, se declara \u201cVenerable\u201d.<\/li>\n\n\n\n<li><strong>Beato o Bienaventurado<\/strong><br>Se requiere un milagro atribuido a la intercesi\u00f3n del Venerable, que debe ser examinado por m\u00e9dicos, te\u00f3logos y expertos. Una vez aprobado, el Papa autoriza la beatificaci\u00f3n, permitiendo el culto local.<\/li>\n\n\n\n<li><strong>Santo<\/strong><br>Para la canonizaci\u00f3n se necesita un segundo milagro posterior a la beatificaci\u00f3n. Tras su aprobaci\u00f3n, el Papa decreta la santidad, y el nuevo santo puede ser venerado en toda la Iglesia.<\/li>\n<\/ol>\n\n\n\n<p>En Argentina, este proceso se realiza con especial cuidado en di\u00f3cesis como la de Avellaneda-Lan\u00fas y ha sido impulsado por referentes como el Papa Francisco, quien promovi\u00f3 causas como la de Mama Antula y el Cura Brochero.<\/p>\n\n\n\n<h3 class=\"wp-block-heading\">El camino que se abre<\/h3>\n\n\n\n<p>Con la causa en marcha, ma\u00f1ana se realizar\u00e1 una conferencia de prensa con m\u00e1s detalles sobre esta inspiradora historia. Jorge Cristian P\u00e9rez, un joven com\u00fan con una fe extraordinaria, se convierte en s\u00edmbolo de perd\u00f3n, esperanza y santidad posible para todos.<\/p>\n\n\n\n<p>Recemos para que su vida y testimonio iluminen a muchas generaciones.<\/p>\n","protected":false},"excerpt":{"rendered":"<p>Por Marcelo Brunwald Una noticia que emociona a Avellaneda y a toda la Argentina: se ha iniciado formalmente el proceso para la beatificaci\u00f3n de Jorge Cristian P\u00e9rez, un joven laico profundamente comprometido con la fe y la comunidad, que podr\u00eda convertirse en el pr\u00f3ximo santo argentino. Su vida Jorge Cristian P\u00e9rez naci\u00f3 el 28 de [&hellip;]<\/p>\n","protected":false},"author":4,"featured_media":18329,"comment_status":"open","ping_status":"open","sticky":false,"template":"","format":"standard","meta":{"footnotes":""},"categories":[1,30,34],"tags":[2000],"_links":{"self":[{"href":"https:\/\/enlamira.info\/index.php\/wp-json\/wp\/v2\/posts\/18327"}],"collection":[{"href":"https:\/\/enlamira.info\/index.php\/wp-json\/wp\/v2\/posts"}],"about":[{"href":"https:\/\/enlamira.info\/index.php\/wp-json\/wp\/v2\/types\/post"}],"author":[{"embeddable":true,"href":"https:\/\/enlamira.info\/index.php\/wp-json\/wp\/v2\/users\/4"}],"replies":[{"embeddable":true,"href":"https:\/\/enlamira.info\/index.php\/wp-json\/wp\/v2\/comments?post=18327"}],"version-history":[{"count":2,"href":"https:\/\/enlamira.info\/index.php\/wp-json\/wp\/v2\/posts\/18327\/revisions"}],"predecessor-version":[{"id":18332,"href":"https:\/\/enlamira.info\/index.php\/wp-json\/wp\/v2\/posts\/18327\/revisions\/18332"}],"wp:featuredmedia":[{"embeddable":true,"href":"https:\/\/enlamira.info\/index.php\/wp-json\/wp\/v2\/media\/18329"}],"wp:attachment":[{"href":"https:\/\/enlamira.info\/index.php\/wp-json\/wp\/v2\/media?parent=18327"}],"wp:term":[{"taxonomy":"category","embeddable":true,"href":"https:\/\/enlamira.info\/index.php\/wp-json\/wp\/v2\/categories?post=18327"},{"taxonomy":"post_tag","embeddable":true,"href":"https:\/\/enlamira.info\/index.php\/wp-json\/wp\/v2\/tags?post=18327"}],"curies":[{"name":"wp","href":"https:\/\/api.w.org\/{rel}","templated":true}]}}