{"id":1830,"date":"2024-03-24T22:17:38","date_gmt":"2024-03-25T01:17:38","guid":{"rendered":"https:\/\/enlamira.info\/?p=1830"},"modified":"2024-03-24T23:51:50","modified_gmt":"2024-03-25T02:51:50","slug":"anunciaron-al-mariscal-gabriel-milito-es-nuevo-tecnico-de-atletico-mineiro","status":"publish","type":"post","link":"https:\/\/enlamira.info\/index.php\/2024\/03\/24\/anunciaron-al-mariscal-gabriel-milito-es-nuevo-tecnico-de-atletico-mineiro\/","title":{"rendered":"Anunciaron al \u201cMariscal\u201d: Gabriel Milito es nuevo t\u00e9cnico de Atl\u00e9tico Mineiro"},"content":{"rendered":"\n<p>El ex entrenador de Argentinos Juniors comienza una nueva etapa en el extranjero.<\/p>\n\n\n\n<p>Atl\u00e9tico Mineiro anunci\u00f3 a su \u201cMariscal\u201d: Gabriel Milito es el nuevo entrenador\u00a0del equipo de Belo Horizonte.<\/p>\n\n\n\n<p>El conjunto brasile\u00f1o inform\u00f3 los t\u00e9rminos en su sitio web: \u201cGabriel Milito es el nuevo t\u00e9cnico del Galo. El Club y el argentino llegaron a un acuerdo, y \u00e9l\u00a0firma un contrato hasta diciembre de 2025\u2033.<\/p>\n\n\n\n<p>Una verdadera conquista de los\u00a0t\u00e9cnicos argentinos en Brasil: ya son cinco.\u00a0Milito se suma a\u00a0Ram\u00f3n D\u00edaz\u00a0(Vasco da Gama), Eduardo\u00a0Coudet\u00a0(Inter de Porto Alegre), Juan Pablo\u00a0Vojvoda\u00a0(Fortaleza) y Nicol\u00e1s\u00a0Larcam\u00f3n\u00a0(Cruzeiro).<\/p>\n\n\n\n<p>La descripci\u00f3n del club. \u201cEs considerado uno de los principales nombres de la nueva generaci\u00f3n argentina. Tras una destacada etapa en Argentinos Juniors, llega a Cidade do Galo con contrato hasta diciembre de 2025\u201d.<\/p>\n\n\n\n<p>Milito no tiene tiempo que perder porque cuenta con la gran posibilidad de comenzar su ciclo con un t\u00edtulo. Atl\u00e9tico Mineiro se&nbsp;enfrenta a Cruzeiro este s\u00e1bado por la ida de la final del estadual.<\/p>\n\n\n\n<h3 class=\"wp-block-heading\">El saludo para los Galos<\/h3>\n\n\n\n<p>\u201cEstoy feliz y emocionado por entrenar al Gallo. Un gigante del f\u00fatbol brasile\u00f1o y de Sudam\u00e9rica. Estoy seguro de que haremos un gran trabajo. Aprovecho para felicitar al Gallo por los 116 a\u00f1os de historia\u201d.<\/p>\n\n\n\n<figure class=\"wp-block-embed is-type-rich is-provider-twitter wp-block-embed-twitter\"><div class=\"wp-block-embed__wrapper\">\n<blockquote class=\"twitter-tweet\" data-width=\"550\" data-dnt=\"true\"><p lang=\"pt\" dir=\"ltr\">\ud83c\udde6\ud83c\uddf7 \u00a1Arriba, Galo! <br><br>O novo comandante j\u00e1 mandou um recado para a Massa e parabenizou o Clube pelos seus 116 anos. <a href=\"https:\/\/twitter.com\/hashtag\/Milito%C3%89Galo?src=hash&amp;ref_src=twsrc%5Etfw\">#Milito\u00c9Galo<\/a>! \u270d\ufe0f <a href=\"https:\/\/t.co\/xvzP2noqu8\">pic.twitter.com\/xvzP2noqu8<\/a><\/p>&mdash; Atl\u00e9tico (@Atletico) <a href=\"https:\/\/twitter.com\/Atletico\/status\/1771933582702854153?ref_src=twsrc%5Etfw\">March 24, 2024<\/a><\/blockquote><script async src=\"https:\/\/platform.twitter.com\/widgets.js\" charset=\"utf-8\"><\/script>\n<\/div><\/figure>\n","protected":false},"excerpt":{"rendered":"<p>El ex entrenador de Argentinos Juniors comienza una nueva etapa en el extranjero. Atl\u00e9tico Mineiro anunci\u00f3 a su \u201cMariscal\u201d: Gabriel Milito es el nuevo entrenador\u00a0del equipo de Belo Horizonte. El conjunto brasile\u00f1o inform\u00f3 los t\u00e9rminos en su sitio web: \u201cGabriel Milito es el nuevo t\u00e9cnico del Galo. El Club y el argentino llegaron a un [&hellip;]<\/p>\n","protected":false},"author":2,"featured_media":1832,"comment_status":"open","ping_status":"open","sticky":false,"template":"","format":"standard","meta":{"footnotes":""},"categories":[14],"tags":[],"_links":{"self":[{"href":"https:\/\/enlamira.info\/index.php\/wp-json\/wp\/v2\/posts\/1830"}],"collection":[{"href":"https:\/\/enlamira.info\/index.php\/wp-json\/wp\/v2\/posts"}],"about":[{"href":"https:\/\/enlamira.info\/index.php\/wp-json\/wp\/v2\/types\/post"}],"author":[{"embeddable":true,"href":"https:\/\/enlamira.info\/index.php\/wp-json\/wp\/v2\/users\/2"}],"replies":[{"embeddable":true,"href":"https:\/\/enlamira.info\/index.php\/wp-json\/wp\/v2\/comments?post=1830"}],"version-history":[{"count":1,"href":"https:\/\/enlamira.info\/index.php\/wp-json\/wp\/v2\/posts\/1830\/revisions"}],"predecessor-version":[{"id":1831,"href":"https:\/\/enlamira.info\/index.php\/wp-json\/wp\/v2\/posts\/1830\/revisions\/1831"}],"wp:featuredmedia":[{"embeddable":true,"href":"https:\/\/enlamira.info\/index.php\/wp-json\/wp\/v2\/media\/1832"}],"wp:attachment":[{"href":"https:\/\/enlamira.info\/index.php\/wp-json\/wp\/v2\/media?parent=1830"}],"wp:term":[{"taxonomy":"category","embeddable":true,"href":"https:\/\/enlamira.info\/index.php\/wp-json\/wp\/v2\/categories?post=1830"},{"taxonomy":"post_tag","embeddable":true,"href":"https:\/\/enlamira.info\/index.php\/wp-json\/wp\/v2\/tags?post=1830"}],"curies":[{"name":"wp","href":"https:\/\/api.w.org\/{rel}","templated":true}]}}