{"id":18165,"date":"2025-08-07T00:02:00","date_gmt":"2025-08-07T03:02:00","guid":{"rendered":"https:\/\/enlamira.info\/?p=18165"},"modified":"2025-08-06T22:10:52","modified_gmt":"2025-08-07T01:10:52","slug":"la-justicia-electoral-rechazo-el-pedido-de-kicillof-para-frenar-los-cambios-en-los-lugares-de-votacion","status":"publish","type":"post","link":"https:\/\/enlamira.info\/index.php\/2025\/08\/07\/la-justicia-electoral-rechazo-el-pedido-de-kicillof-para-frenar-los-cambios-en-los-lugares-de-votacion\/","title":{"rendered":"La Justicia Electoral rechaz\u00f3 el pedido de Kicillof para frenar los cambios en los lugares de votaci\u00f3n"},"content":{"rendered":"\n<p>La Secretar\u00eda Electoral del Juzgado Federal N\u00b01 de La Plata rechaz\u00f3 el pedido del gobernador Axel Kicillof para revisar los cambios en los lugares de votaci\u00f3n de cara a las elecciones del 7 de septiembre.<\/p>\n\n\n\n<p>En un extenso informe de 26 p\u00e1ginas, el organismo defendi\u00f3 la reubicaci\u00f3n de mesas y sostuvo que las modificaciones fueron pensadas para acercar a los votantes a sus domicilios, mejorar la accesibilidad y optimizar la organizaci\u00f3n del comicio. Adem\u00e1s, neg\u00f3 la posibilidad de retrotraer la medida al considerar que es \u201cmaterialmente imposible\u201d.<\/p>\n\n\n\n<p>La respuesta oficial, firmada por la secretaria Electoral Alina Sayal, desestim\u00f3 el planteo de Kicillof, quien hab\u00eda advertido que el cambio de locales podr\u00eda impactar negativamente en la participaci\u00f3n ciudadana.<\/p>\n\n\n\n<p>La funcionaria se\u00f1al\u00f3 que no existen pruebas de que una modificaci\u00f3n de este tipo genere mayores niveles de ausentismo y puso como ejemplo recientes elecciones provinciales con baja participaci\u00f3n, sin que hubieran cambios sustanciales en los puntos de votaci\u00f3n. Mencion\u00f3 los casos de Chaco (52,2%), CABA (53,3%), Salta (62,4%) y Santa Fe (55,4%) como ejemplos.<\/p>\n\n\n\n<p>Luego, argument\u00f3 que el redise\u00f1o se basa en un relevamiento iniciado tras los comicios de 2023, que incluy\u00f3 m\u00e1s de 19.000 verificaciones en todo el territorio bonaerense. \u201cSe han considerado criterios de accesibilidad, cercan\u00eda geogr\u00e1fica y disponibilidad de infraestructura. Se trat\u00f3 de un proceso complejo, con visitas in situ, uso de herramientas inform\u00e1ticas y articulaci\u00f3n con los municipios y la Direcci\u00f3n General de Cultura y Educaci\u00f3n\u201d, detall\u00f3.<\/p>\n\n\n\n<p>Adem\u00e1s, destac\u00f3 que se gestionaron mejoras edilicias (como la construcci\u00f3n de rampas) y que la mayor\u00eda de las mesas ahora est\u00e1n m\u00e1s cerca de los domicilios de los votantes. \u201cLa medida busca garantizar condiciones adecuadas tanto para electores como para fiscales y autoridades de mesa. Tambi\u00e9n promueve un mayor acceso para personas con discapacidad\u201d, indic\u00f3 la Secretar\u00eda Electoral.<\/p>\n\n\n\n<p>Respecto al planteo de que los votantes no ser\u00e1n notificados, el documento subray\u00f3 que ya se encuentra disponible el padr\u00f3n provisorio y que los ciudadanos pueden consultar su lugar de votaci\u00f3n incluso antes del plazo legal establecido para su publicaci\u00f3n, el 8 de agosto. \u201cEste tiempo resulta suficiente para acercar la informaci\u00f3n, incluso a los electores poco interesados\u201d, remarcaron.<\/p>\n\n\n\n<p>La Secretar\u00eda Electoral fue contundente: \u201cNo existe posibilidad material alguna de retrotraer la distribuci\u00f3n de mesas para replicar lo acontecido en 2023, toda vez que se trata de un padr\u00f3n de electores diferente, con distinta composici\u00f3n y con numerosos locales nuevos o que ya no existen\u201d.<\/p>\n\n\n\n<p>Pese a rechazar el pedido del mandatario bonaerense, el organismo judicial se comprometi\u00f3 a reforzar la campa\u00f1a de difusi\u00f3n para asegurar que los votantes conozcan sus nuevos lugares de votaci\u00f3n, tanto para las elecciones provinciales de septiembre como para las nacionales del 26 de octubre.<\/p>\n","protected":false},"excerpt":{"rendered":"<p>La Secretar\u00eda Electoral del Juzgado Federal N\u00b01 de La Plata rechaz\u00f3 el pedido del gobernador Axel Kicillof para revisar los cambios en los lugares de votaci\u00f3n de cara a las elecciones del 7 de septiembre. En un extenso informe de 26 p\u00e1ginas, el organismo defendi\u00f3 la reubicaci\u00f3n de mesas y sostuvo que las modificaciones fueron [&hellip;]<\/p>\n","protected":false},"author":4,"featured_media":18167,"comment_status":"open","ping_status":"open","sticky":false,"template":"","format":"standard","meta":{"footnotes":""},"categories":[1],"tags":[28],"_links":{"self":[{"href":"https:\/\/enlamira.info\/index.php\/wp-json\/wp\/v2\/posts\/18165"}],"collection":[{"href":"https:\/\/enlamira.info\/index.php\/wp-json\/wp\/v2\/posts"}],"about":[{"href":"https:\/\/enlamira.info\/index.php\/wp-json\/wp\/v2\/types\/post"}],"author":[{"embeddable":true,"href":"https:\/\/enlamira.info\/index.php\/wp-json\/wp\/v2\/users\/4"}],"replies":[{"embeddable":true,"href":"https:\/\/enlamira.info\/index.php\/wp-json\/wp\/v2\/comments?post=18165"}],"version-history":[{"count":1,"href":"https:\/\/enlamira.info\/index.php\/wp-json\/wp\/v2\/posts\/18165\/revisions"}],"predecessor-version":[{"id":18166,"href":"https:\/\/enlamira.info\/index.php\/wp-json\/wp\/v2\/posts\/18165\/revisions\/18166"}],"wp:featuredmedia":[{"embeddable":true,"href":"https:\/\/enlamira.info\/index.php\/wp-json\/wp\/v2\/media\/18167"}],"wp:attachment":[{"href":"https:\/\/enlamira.info\/index.php\/wp-json\/wp\/v2\/media?parent=18165"}],"wp:term":[{"taxonomy":"category","embeddable":true,"href":"https:\/\/enlamira.info\/index.php\/wp-json\/wp\/v2\/categories?post=18165"},{"taxonomy":"post_tag","embeddable":true,"href":"https:\/\/enlamira.info\/index.php\/wp-json\/wp\/v2\/tags?post=18165"}],"curies":[{"name":"wp","href":"https:\/\/api.w.org\/{rel}","templated":true}]}}