{"id":18156,"date":"2025-08-06T14:03:08","date_gmt":"2025-08-06T17:03:08","guid":{"rendered":"https:\/\/enlamira.info\/?p=18156"},"modified":"2025-08-06T14:03:08","modified_gmt":"2025-08-06T17:03:08","slug":"pepo-diaz-rompe-el-silencio-y-acusa-a-cristian-frattini-de-alejarse-del-liberalismo-y-acercarse-al-peronismo-en-avellaneda","status":"publish","type":"post","link":"https:\/\/enlamira.info\/index.php\/2025\/08\/06\/pepo-diaz-rompe-el-silencio-y-acusa-a-cristian-frattini-de-alejarse-del-liberalismo-y-acercarse-al-peronismo-en-avellaneda\/","title":{"rendered":"Pepo D\u00edaz rompe el silencio y acusa a Cristian Frattini de alejarse del liberalismo y acercarse al peronismo en Avellaneda"},"content":{"rendered":"\n<p>Arnaldo \u201cPepo\u201d D\u00edaz, concejal libertario y candidato a la reelecci\u00f3n en Avellaneda, eligi\u00f3 el programa <em>La Voz del Vecino<\/em>, conducido por Marcelo Brunwald, para romper el silencio tras la pol\u00e9mica generada por un supuesto video viralizado en el Concejo Deliberante que pon\u00eda en duda su gesti\u00f3n.<\/p>\n\n\n\n<p>En una entrevista marcada por momentos de tensi\u00f3n y definiciones firmes, D\u00edaz no solo desminti\u00f3 categ\u00f3ricamente cualquier irregularidad sino que tambi\u00e9n lanz\u00f3 duras cr\u00edticas a quienes, seg\u00fan \u00e9l, se han desviado del verdadero esp\u00edritu libertario dentro del espacio pol\u00edtico local. En particular, apunt\u00f3 contra Cristian Frattini, dirigente que seg\u00fan D\u00edaz mantiene una cercan\u00eda cuestionable con el intendente Ferraresi y el peronismo.<\/p>\n\n\n\n<p>\u201cFrattini no representa los valores genuinos del libertarismo. Est\u00e1 m\u00e1s cerca del peronismo que de la libertad que promovemos\u201d, afirm\u00f3 D\u00edaz durante la charla con Brunwald. \u201cEste espacio no puede permitirse la llegada de personajes que vienen de todos lados sin un compromiso real. Nosotros somos los verdaderos libertarios, los que estuvimos desde el primer d\u00eda, manteniendo la coherencia y la convicci\u00f3n, mientras otros solo buscaron cargos y protagonismo\u201d, agreg\u00f3.<\/p>\n\n\n\n<p>El intercambio entre D\u00edaz y el periodista Marcelo Brunwald tuvo un tono relajado en algunos pasajes, incluso con bromas. En un momento, Pepo pregunt\u00f3 a Brunwald si le dec\u00edan \u201cDoctor Brunwald\u201d por todas las \u201coperaciones\u201d que realiza, a lo que el periodista respondi\u00f3 con humor: \u201cNunca estudi\u00e9 medicina\u201d. Sin embargo, la conversaci\u00f3n r\u00e1pidamente retom\u00f3 su tono serio y profundo.<\/p>\n\n\n\n<p>D\u00edaz tambi\u00e9n habl\u00f3 sobre la ruptura interna con la concejala Zunilda G\u00f3mez, a quien acus\u00f3 de no tener independencia pol\u00edtica y de estar influenciada por intereses personales alejados del proyecto libertario. Tras esa fractura, el concejal arm\u00f3 su propio bloque dentro de <em>Uni\u00f3n y Libertad<\/em>, espacio que representa junto a figuras hist\u00f3ricas del libertarismo bonaerense, como Carlos Kikuchi, hist\u00f3rico armador en el Senado provincial, y la diputada Coni Moragues Santos, junto a un grupo importante de legisladores provinciales.<\/p>\n\n\n\n<p>El concejal libertario destac\u00f3 que <em>Uni\u00f3n y Libertad<\/em> presenta candidatos en todos los distritos de la Tercera Secci\u00f3n electoral, con la intenci\u00f3n de consolidar un espacio aut\u00e9ntico y coherente que renueve la pol\u00edtica local. Entre sus principales propuestas, D\u00edaz mencion\u00f3 proyectos para apoyar a los bomberos voluntarios y mejoras edilicias en jardines de infantes, buscando siempre poner \u201cla pol\u00edtica al servicio del vecino\u201d.<\/p>\n\n\n\n<p>Finalmente, D\u00edaz hizo una autocr\u00edtica al sistema pol\u00edtico vigente y reiter\u00f3 su postura sobre la viralizaci\u00f3n del video que desat\u00f3 la pol\u00e9mica: \u201cFue una opereta para desinformar. Nosotros hacemos pol\u00edtica con nuestra plata, no con la del Estado ni de los vecinos\u201d.<\/p>\n\n\n\n<p>Con esta entrevista, Arnaldo \u201cPepo\u201d D\u00edaz no solo reafirma su candidatura sino que tambi\u00e9n plantea una clara diferenciaci\u00f3n frente a los \u201cfalsos libertarios\u201d y reafirma su compromiso con la \u201cnueva pol\u00edtica\u201d en Avellaneda, usando <em>La Voz del Vecino<\/em> como plataforma para hablar directamente con los ciudadanos.<\/p>\n\n\n\n<figure class=\"wp-block-embed is-type-video is-provider-youtube wp-block-embed-youtube wp-embed-aspect-16-9 wp-has-aspect-ratio\"><div class=\"wp-block-embed__wrapper\">\n<iframe loading=\"lazy\" title=\"Entrevista: Arnaldo &quot;pepo&quot; DIaz, Concejal Liertario y candidato a concejal (Avellaneda)\" width=\"640\" height=\"360\" src=\"https:\/\/www.youtube.com\/embed\/YEOEIuyCcps?feature=oembed\" frameborder=\"0\" allow=\"accelerometer; autoplay; clipboard-write; encrypted-media; gyroscope; picture-in-picture; web-share\" referrerpolicy=\"strict-origin-when-cross-origin\" allowfullscreen><\/iframe>\n<\/div><\/figure>\n","protected":false},"excerpt":{"rendered":"<p>Arnaldo \u201cPepo\u201d D\u00edaz, concejal libertario y candidato a la reelecci\u00f3n en Avellaneda, eligi\u00f3 el programa La Voz del Vecino, conducido por Marcelo Brunwald, para romper el silencio tras la pol\u00e9mica generada por un supuesto video viralizado en el Concejo Deliberante que pon\u00eda en duda su gesti\u00f3n. En una entrevista marcada por momentos de tensi\u00f3n y [&hellip;]<\/p>\n","protected":false},"author":4,"featured_media":18160,"comment_status":"open","ping_status":"open","sticky":false,"template":"","format":"standard","meta":{"footnotes":""},"categories":[1,20,5],"tags":[],"_links":{"self":[{"href":"https:\/\/enlamira.info\/index.php\/wp-json\/wp\/v2\/posts\/18156"}],"collection":[{"href":"https:\/\/enlamira.info\/index.php\/wp-json\/wp\/v2\/posts"}],"about":[{"href":"https:\/\/enlamira.info\/index.php\/wp-json\/wp\/v2\/types\/post"}],"author":[{"embeddable":true,"href":"https:\/\/enlamira.info\/index.php\/wp-json\/wp\/v2\/users\/4"}],"replies":[{"embeddable":true,"href":"https:\/\/enlamira.info\/index.php\/wp-json\/wp\/v2\/comments?post=18156"}],"version-history":[{"count":1,"href":"https:\/\/enlamira.info\/index.php\/wp-json\/wp\/v2\/posts\/18156\/revisions"}],"predecessor-version":[{"id":18161,"href":"https:\/\/enlamira.info\/index.php\/wp-json\/wp\/v2\/posts\/18156\/revisions\/18161"}],"wp:featuredmedia":[{"embeddable":true,"href":"https:\/\/enlamira.info\/index.php\/wp-json\/wp\/v2\/media\/18160"}],"wp:attachment":[{"href":"https:\/\/enlamira.info\/index.php\/wp-json\/wp\/v2\/media?parent=18156"}],"wp:term":[{"taxonomy":"category","embeddable":true,"href":"https:\/\/enlamira.info\/index.php\/wp-json\/wp\/v2\/categories?post=18156"},{"taxonomy":"post_tag","embeddable":true,"href":"https:\/\/enlamira.info\/index.php\/wp-json\/wp\/v2\/tags?post=18156"}],"curies":[{"name":"wp","href":"https:\/\/api.w.org\/{rel}","templated":true}]}}