{"id":18155,"date":"2025-08-06T14:25:00","date_gmt":"2025-08-06T17:25:00","guid":{"rendered":"https:\/\/enlamira.info\/?p=18155"},"modified":"2025-08-06T14:25:00","modified_gmt":"2025-08-06T17:25:00","slug":"mauro-nipoti-no-me-vendi-al-kirchnerismo-y-sigo-siendo-radical-como-siempre","status":"publish","type":"post","link":"https:\/\/enlamira.info\/index.php\/2025\/08\/06\/mauro-nipoti-no-me-vendi-al-kirchnerismo-y-sigo-siendo-radical-como-siempre\/","title":{"rendered":"Mauro Nipoti: \u201cNo me vend\u00ed al kirchnerismo y sigo siendo radical como siempre\u201d"},"content":{"rendered":"\n<p><strong>Fuerte cruce al aire con Marcelo Brunwald y definiciones firmes sobre el presente pol\u00edtico de Avellaneda.<\/strong><\/p>\n\n\n\n<hr class=\"wp-block-separator has-alpha-channel-opacity\"\/>\n\n\n\n<p>El consejero escolar de Avellaneda y referente de la Juventud Radical, <strong>Mauro Nipoti<\/strong>, protagoniz\u00f3 un momento de alto voltaje pol\u00edtico durante una entrevista con el periodista <strong>Marcelo Brunwald<\/strong> en el programa <em>La Voz del Vecino<\/em>, emitido por <em>Impacto Sur<\/em>. All\u00ed, el dirigente fue consultado de forma directa sobre una fotograf\u00eda suya junto al gobernador Axel Kicillof y el intendente Jorge Ferraresi.<\/p>\n\n\n\n<p>La pregunta no dej\u00f3 margen a interpretaciones:<\/p>\n\n\n\n<p>\u2014 <em>\u201cYo te conozco como militante de la Juventud Radical, pero vi una foto con Axel y Ferraresi. \u00bfTe vendiste al kirchnerismo?\u201d<\/em>, plante\u00f3 Brunwald.<\/p>\n\n\n\n<p>Nipoti respondi\u00f3 con firmeza:<br>\u2014 <em>\u201cPara nada. Sigo siendo radical como siempre. No me vend\u00ed ni me vender\u00eda jam\u00e1s.\u201d<\/em><\/p>\n\n\n\n<p>Lejos de esquivar el cruce, el joven dirigente devolvi\u00f3 con una chicana pol\u00edtica:<br>\u2014 <em>\u201c\u00bfY a vos te paga Landaburu?\u201d<\/em>, en referencia al hist\u00f3rico dirigente radical <strong>Fernando Landaburu<\/strong>, exconcejal y referente del espacio.<\/p>\n\n\n\n<p>Brunwald replic\u00f3 sin perder el tono ir\u00f3nico:<br>\u2014 <em>\u201cNo, pero si me pagara )Publicdad) , no tendr\u00eda ning\u00fan problema. \u201d<\/em><\/p>\n\n\n\n<hr class=\"wp-block-separator has-alpha-channel-opacity\"\/>\n\n\n\n<h3 class=\"wp-block-heading\">Un radical que no esquiva el debate<\/h3>\n\n\n\n<p>Durante el resto de la entrevista, Nipoti se distanci\u00f3 del kirchnerismo y explic\u00f3 que la mencionada fotograf\u00eda fue tomada en el marco de una reuni\u00f3n institucional del Consejo de Juventudes, un espacio de participaci\u00f3n pol\u00edtica juvenil que \u00e9l mismo impuls\u00f3 desde el Consejo Escolar.<\/p>\n\n\n\n<p>\u201cTrabajo en iniciativas que beneficien a los vecinos, sin importar de d\u00f3nde provengan. No soy funcional al oficialismo, sigo siendo oposici\u00f3n\u201d, expres\u00f3.<\/p>\n\n\n\n<p>Nipoti integra la lista de <strong>Somos Buenos Aires<\/strong>, encabezada por Pablo Domenichini en la Tercera Secci\u00f3n, una propuesta radical que busca consolidar un espacio de centro dentro de Juntos por el Cambio. En ese marco, se\u00f1al\u00f3 que muchos votantes radicales se sienten hoy desorientados y consider\u00f3 necesario ofrecerles una alternativa clara.<\/p>\n\n\n\n<hr class=\"wp-block-separator has-alpha-channel-opacity\"\/>\n\n\n\n<h3 class=\"wp-block-heading\">Cr\u00edticas al modelo local y denuncias internas<\/h3>\n\n\n\n<p>Consultado sobre la situaci\u00f3n del distrito, fue enf\u00e1tico en su diagn\u00f3stico sobre la inseguridad y la gesti\u00f3n local:<\/p>\n\n\n\n<p>\u201cAvellaneda destina solo el 2,5% de su presupuesto a seguridad. Es una de las tasas m\u00e1s bajas, pese a que pagamos una de las tasas municipales m\u00e1s caras de la provincia. Est\u00e1 claro que no hay decisi\u00f3n pol\u00edtica de cuidar a los vecinos\u201d, afirm\u00f3.<\/p>\n\n\n\n<p>Tambi\u00e9n denunci\u00f3 irregularidades en la gesti\u00f3n educativa y apunt\u00f3 directamente contra la consejera escolar del PRO, <strong>Gabriela P\u00e9rez<\/strong>, con quien mantiene un fuerte conflicto institucional:<\/p>\n\n\n\n<p>\u201cDifama sin pruebas, ha sido parte del kirchnerismo y del macrismo, y arrastra denuncias serias. No est\u00e1 en condiciones de se\u00f1alar a nadie\u201d, asegur\u00f3.<\/p>\n\n\n\n<hr class=\"wp-block-separator has-alpha-channel-opacity\"\/>\n\n\n\n<h3 class=\"wp-block-heading\">El futuro pol\u00edtico de Avellaneda<\/h3>\n\n\n\n<p>Al ser consultado por el futuro del oficialismo local, Mauro Nipoti opin\u00f3 que el ciclo del actual intendente Jorge Ferraresi est\u00e1 pr\u00f3ximo a cerrarse, y se mostr\u00f3 esperanzado con la posibilidad de una transici\u00f3n hacia un gobierno con una impronta distinta.<\/p>\n\n\n\n<p>\u201cFerraresi no podr\u00e1 ser reelecto, y eso abre una oportunidad. Me gustar\u00eda que Avellaneda tenga un intendente radical, que gobierne sin revanchismo y con una mirada abierta para todos los sectores\u201d, sostuvo.<\/p>\n\n\n\n<p>Entre sus propuestas, destac\u00f3 la necesidad de reducir las tasas municipales, mejorar la infraestructura escolar, reformar los criterios de selecci\u00f3n de personal educativo, implementar un plan serio de seguridad y resolver las recurrentes inundaciones urbanas que afectan a los barrios.<\/p>\n\n\n\n<hr class=\"wp-block-separator has-alpha-channel-opacity\"\/>\n\n\n\n<h3 class=\"wp-block-heading\">Presencia institucional y redes<\/h3>\n\n\n\n<p>Mauro Nipoti atiende diariamente a los vecinos desde su banca en el <strong>Consejo Escolar de Avellaneda<\/strong> (Italia 36), de lunes a viernes en horario de 8 a 17. Tambi\u00e9n mantiene un activo perfil en redes sociales, desde donde difunde su labor institucional y pol\u00edtica.<\/p>\n\n\n\n<ul>\n<li>Instagram: <a href=\"https:\/\/www.instagram.com\/nipotimauro\">@nipotimauro<\/a><\/li>\n\n\n\n<li>Facebook: Mauro Nipoti<\/li>\n<\/ul>\n\n\n\n<figure class=\"wp-block-embed is-type-video is-provider-youtube wp-block-embed-youtube wp-embed-aspect-16-9 wp-has-aspect-ratio\"><div class=\"wp-block-embed__wrapper\">\n<iframe loading=\"lazy\" title=\"Entrevista: Mauro Nipoti, Consejero Escolar de Avellaneda\" width=\"640\" height=\"360\" src=\"https:\/\/www.youtube.com\/embed\/LhXkKCGg6w0?feature=oembed\" frameborder=\"0\" allow=\"accelerometer; autoplay; clipboard-write; encrypted-media; gyroscope; picture-in-picture; web-share\" referrerpolicy=\"strict-origin-when-cross-origin\" allowfullscreen><\/iframe>\n<\/div><\/figure>\n","protected":false},"excerpt":{"rendered":"<p>Fuerte cruce al aire con Marcelo Brunwald y definiciones firmes sobre el presente pol\u00edtico de Avellaneda. El consejero escolar de Avellaneda y referente de la Juventud Radical, Mauro Nipoti, protagoniz\u00f3 un momento de alto voltaje pol\u00edtico durante una entrevista con el periodista Marcelo Brunwald en el programa La Voz del Vecino, emitido por Impacto Sur. [&hellip;]<\/p>\n","protected":false},"author":4,"featured_media":18162,"comment_status":"open","ping_status":"open","sticky":false,"template":"","format":"standard","meta":{"footnotes":""},"categories":[1,20,5],"tags":[],"_links":{"self":[{"href":"https:\/\/enlamira.info\/index.php\/wp-json\/wp\/v2\/posts\/18155"}],"collection":[{"href":"https:\/\/enlamira.info\/index.php\/wp-json\/wp\/v2\/posts"}],"about":[{"href":"https:\/\/enlamira.info\/index.php\/wp-json\/wp\/v2\/types\/post"}],"author":[{"embeddable":true,"href":"https:\/\/enlamira.info\/index.php\/wp-json\/wp\/v2\/users\/4"}],"replies":[{"embeddable":true,"href":"https:\/\/enlamira.info\/index.php\/wp-json\/wp\/v2\/comments?post=18155"}],"version-history":[{"count":1,"href":"https:\/\/enlamira.info\/index.php\/wp-json\/wp\/v2\/posts\/18155\/revisions"}],"predecessor-version":[{"id":18163,"href":"https:\/\/enlamira.info\/index.php\/wp-json\/wp\/v2\/posts\/18155\/revisions\/18163"}],"wp:featuredmedia":[{"embeddable":true,"href":"https:\/\/enlamira.info\/index.php\/wp-json\/wp\/v2\/media\/18162"}],"wp:attachment":[{"href":"https:\/\/enlamira.info\/index.php\/wp-json\/wp\/v2\/media?parent=18155"}],"wp:term":[{"taxonomy":"category","embeddable":true,"href":"https:\/\/enlamira.info\/index.php\/wp-json\/wp\/v2\/categories?post=18155"},{"taxonomy":"post_tag","embeddable":true,"href":"https:\/\/enlamira.info\/index.php\/wp-json\/wp\/v2\/tags?post=18155"}],"curies":[{"name":"wp","href":"https:\/\/api.w.org\/{rel}","templated":true}]}}