{"id":18150,"date":"2025-08-06T01:53:59","date_gmt":"2025-08-06T04:53:59","guid":{"rendered":"https:\/\/enlamira.info\/?p=18150"},"modified":"2025-08-06T09:45:03","modified_gmt":"2025-08-06T12:45:03","slug":"horror-en-lomas-de-zamora-detienen-a-un-hombre-acusado-de-asesinar-a-su-hijo-de-8-anos","status":"publish","type":"post","link":"https:\/\/enlamira.info\/index.php\/2025\/08\/06\/horror-en-lomas-de-zamora-detienen-a-un-hombre-acusado-de-asesinar-a-su-hijo-de-8-anos\/","title":{"rendered":"Horror en Lomas de Zamora: detienen a un hombre acusado de asesinar a su hijo de 8 a\u00f1os"},"content":{"rendered":"\n<p>Un drama a pocas cuadras del centro de Lomas de Zamora. Un hombre de 52 a\u00f1os, con problemas de salud mental, asesin\u00f3 a su hijo de 8 a\u00f1os a pu\u00f1aladas y luego intent\u00f3 quitarse la vida. El hecho ocurri\u00f3 en la vivienda familiar y el sujeto est\u00e1 internado en grave estado en el Hospital Gandulfo. El macabro escenario fue descubierto por la esposa del hombre y madre de la v\u00edctima.<\/p>\n\n\n\n<p>Todo sucedi\u00f3 este martes en la calle D\u00edaz V\u00e9lez al 100, en el cruce con Loria, en Lomas oeste y el hombre fue intervenido quir\u00fargicamente como consecuencia de las cortes que se auto infringi\u00f3.<\/p>\n\n\n\n<p>La causa la investiga la fiscal Fabiola Juanatey, de la UFI N\u00b02 de Lomas de Zamora, como homicidio agravado por el v\u00ednculo, filicidio, aunque las pericias psiqui\u00e1tricas ser\u00e1n clave para determinar si comprend\u00eda la criminalidad de sus actos.<\/p>\n\n\n\n<p>Todo comenz\u00f3 con el llamado al 911 de una mujer de 41 a\u00f1os, quien avisaba que no pod\u00eda comunicarse con su pareja Alejandro Javier Ruffo, con quien adem\u00e1s tiene una hija de 20 a\u00f1os.<\/p>\n\n\n\n<p>Tras el alerta, la Polic\u00eda Bonaerense fue hacia la casa familiar y, al entrar, hallaron al hombre y presunto asesino \u201cen el living, con manchas de sangre y una herida de arma blanca en el abdomen\u201d, detallaron las fuentes del caso al portal Infobae.<\/p>\n\n\n\n<p>\u201cAl recorrer por el interior de la vivienda, los polic\u00edas ingresaron a la habitaci\u00f3n matrimonial y, sobre la cama, encontraron al menor de 8 a\u00f1os, tambi\u00e9n con una herida de arma blanca\u201d, completaron el cuadro tr\u00e1gico en el que Alejandro Ruffo. habr\u00eda intentado quitarse la vida.<\/p>\n\n\n\n<p>Fue el personal del SAME provincia el que constat\u00f3 que el ni\u00f1o estaba muerto: se llamaba Joaqu\u00edn Enzo. Y de inmediata se solicit\u00f3 la presencia de la Polic\u00eda Cient\u00edfica.<\/p>\n\n\n\n<p>En tanto, el padre del menor y presunto homicida fue traslado al Hospital Gandulfo, donde fue intervenido quir\u00fargicamente, ya que ingres\u00f3 a ese centro de salud de Lomas de Zamora con \u201cm\u00faltiples heridas cortantes en cuello, ambas mu\u00f1ecas y abdomen\u201d, detallaron las fuentes m\u00e9dicas consultas.<\/p>\n\n\n\n<p>Y agregaron que, a nivel abdominal, \u201cpresentaba una lesi\u00f3n de 10 cent\u00edmetros en el blanco izquierdo, adem\u00e1s ten\u00eda una lesi\u00f3n en una regi\u00f3n del p\u00e1ncreas, por lo que se le realiz\u00f3 una pancretectom\u00eda distal con conservaci\u00f3n espl\u00e9nica\u201d.<\/p>\n\n\n\n<p>Fue la mam\u00e1 de la v\u00edctima y la esposa del imputado por el filicidio quien refiri\u00f3 que Alejandro Ruffo \u201ctiene problemas de salud mental\u201d, en base a lo que confirmaron las fuentes con acceso al expediente.<\/p>\n\n\n\n<p>Ruffo trabaja en el Colegio Westminster y, previamente, hab\u00eda sido empleado de la Municipalidad de Lomas de Zamora y de una de las firmas productoras de acero m\u00e1s importantes, que a su vez ofrece servicios mundiales de ingenier\u00eda, entre otros.<\/p>\n","protected":false},"excerpt":{"rendered":"<p>Un drama a pocas cuadras del centro de Lomas de Zamora. Un hombre de 52 a\u00f1os, con problemas de salud mental, asesin\u00f3 a su hijo de 8 a\u00f1os a pu\u00f1aladas y luego intent\u00f3 quitarse la vida. El hecho ocurri\u00f3 en la vivienda familiar y el sujeto est\u00e1 internado en grave estado en el Hospital Gandulfo. [&hellip;]<\/p>\n","protected":false},"author":4,"featured_media":18151,"comment_status":"open","ping_status":"open","sticky":false,"template":"","format":"standard","meta":{"footnotes":""},"categories":[1,32],"tags":[28,1892],"_links":{"self":[{"href":"https:\/\/enlamira.info\/index.php\/wp-json\/wp\/v2\/posts\/18150"}],"collection":[{"href":"https:\/\/enlamira.info\/index.php\/wp-json\/wp\/v2\/posts"}],"about":[{"href":"https:\/\/enlamira.info\/index.php\/wp-json\/wp\/v2\/types\/post"}],"author":[{"embeddable":true,"href":"https:\/\/enlamira.info\/index.php\/wp-json\/wp\/v2\/users\/4"}],"replies":[{"embeddable":true,"href":"https:\/\/enlamira.info\/index.php\/wp-json\/wp\/v2\/comments?post=18150"}],"version-history":[{"count":3,"href":"https:\/\/enlamira.info\/index.php\/wp-json\/wp\/v2\/posts\/18150\/revisions"}],"predecessor-version":[{"id":18154,"href":"https:\/\/enlamira.info\/index.php\/wp-json\/wp\/v2\/posts\/18150\/revisions\/18154"}],"wp:featuredmedia":[{"embeddable":true,"href":"https:\/\/enlamira.info\/index.php\/wp-json\/wp\/v2\/media\/18151"}],"wp:attachment":[{"href":"https:\/\/enlamira.info\/index.php\/wp-json\/wp\/v2\/media?parent=18150"}],"wp:term":[{"taxonomy":"category","embeddable":true,"href":"https:\/\/enlamira.info\/index.php\/wp-json\/wp\/v2\/categories?post=18150"},{"taxonomy":"post_tag","embeddable":true,"href":"https:\/\/enlamira.info\/index.php\/wp-json\/wp\/v2\/tags?post=18150"}],"curies":[{"name":"wp","href":"https:\/\/api.w.org\/{rel}","templated":true}]}}