{"id":18134,"date":"2025-08-05T16:18:08","date_gmt":"2025-08-05T19:18:08","guid":{"rendered":"https:\/\/enlamira.info\/?p=18134"},"modified":"2025-08-05T16:18:08","modified_gmt":"2025-08-05T19:18:08","slug":"leonela-moyano-si-el-sistema-se-desfinancia-desaparece-la-atencion-a-personas-con-discapacidad","status":"publish","type":"post","link":"https:\/\/enlamira.info\/index.php\/2025\/08\/05\/leonela-moyano-si-el-sistema-se-desfinancia-desaparece-la-atencion-a-personas-con-discapacidad\/","title":{"rendered":"Leonela Moyano: \u201cSi el sistema se desfinancia, desaparece la atenci\u00f3n a personas con discapacidad\u201d"},"content":{"rendered":"\n<p>Leonela Moyano, psicopedagoga y directora del centro interdisciplinario RIE, advierte sobre el riesgo real de cierre de centros de atenci\u00f3n por la crisis en el sistema de prestaciones. \u201cNo es una cuesti\u00f3n pol\u00edtica, es una emergencia humana: sin apoyo estatal, las familias no pueden pagar 400 mil pesos mensuales en terapias para sus hijos\u201d.<\/p>\n\n\n\n<figure class=\"wp-block-image size-large\"><img loading=\"lazy\" decoding=\"async\" width=\"1024\" height=\"768\" src=\"https:\/\/enlamira.info\/wp-content\/uploads\/2025\/08\/6a5e91a0-abf7-402f-9102-82516fe65246-1024x768.jpg\" alt=\"\" class=\"wp-image-18136\" srcset=\"https:\/\/enlamira.info\/wp-content\/uploads\/2025\/08\/6a5e91a0-abf7-402f-9102-82516fe65246-1024x768.jpg 1024w, https:\/\/enlamira.info\/wp-content\/uploads\/2025\/08\/6a5e91a0-abf7-402f-9102-82516fe65246-300x225.jpg 300w, https:\/\/enlamira.info\/wp-content\/uploads\/2025\/08\/6a5e91a0-abf7-402f-9102-82516fe65246-768x576.jpg 768w, https:\/\/enlamira.info\/wp-content\/uploads\/2025\/08\/6a5e91a0-abf7-402f-9102-82516fe65246-1536x1152.jpg 1536w, https:\/\/enlamira.info\/wp-content\/uploads\/2025\/08\/6a5e91a0-abf7-402f-9102-82516fe65246.jpg 1600w\" sizes=\"(max-width: 1024px) 100vw, 1024px\" \/><\/figure>\n\n\n\n<p>La reciente decisi\u00f3n del presidente Javier Milei de vetar partidas presupuestarias destinadas al sistema de atenci\u00f3n a personas con discapacidad gener\u00f3 una fuerte reacci\u00f3n de profesionales y familias en todo el pa\u00eds. Entre ellos, Leonela Moyano, psicopedagoga y directora del centro interdisciplinario RIE, se pronunci\u00f3 con firmeza: \u201cYa no sabemos qu\u00e9 hacer con nuestros sueldos, no nos alcanza. Las prepagas pagan a 60 o 90 d\u00edas, es inviable sostener esta tarea con tanta demora en los pagos\u201d.<\/p>\n\n\n\n<p>Desde su centro, trabajan junto a un equipo conformado por psic\u00f3logos, fonoaudi\u00f3logos, terapeutas ocupacionales y psicopedagogos, brindando acompa\u00f1amiento integral a ni\u00f1os, adolescentes, adultos y sus familias. \u201cEl trabajo que hacemos no es s\u00f3lo terap\u00e9utico, es profundamente humano. Tambi\u00e9n articulamos con escuelas y otros espacios, porque el abordaje debe ser integral. El ser humano es complejo, y creemos que trabajar en equipo es la mejor manera de acompa\u00f1ar\u201d, sostuvo Moyano.<\/p>\n\n\n\n<figure class=\"wp-block-image size-large\"><img loading=\"lazy\" decoding=\"async\" width=\"768\" height=\"1024\" src=\"https:\/\/enlamira.info\/wp-content\/uploads\/2025\/08\/9e405993-bbd7-41e6-b0af-d044ab17c06a-768x1024.jpg\" alt=\"\" class=\"wp-image-18137\" srcset=\"https:\/\/enlamira.info\/wp-content\/uploads\/2025\/08\/9e405993-bbd7-41e6-b0af-d044ab17c06a-768x1024.jpg 768w, https:\/\/enlamira.info\/wp-content\/uploads\/2025\/08\/9e405993-bbd7-41e6-b0af-d044ab17c06a-225x300.jpg 225w, https:\/\/enlamira.info\/wp-content\/uploads\/2025\/08\/9e405993-bbd7-41e6-b0af-d044ab17c06a-1152x1536.jpg 1152w, https:\/\/enlamira.info\/wp-content\/uploads\/2025\/08\/9e405993-bbd7-41e6-b0af-d044ab17c06a.jpg 1200w\" sizes=\"(max-width: 768px) 100vw, 768px\" \/><\/figure>\n\n\n\n<p>Con una trayectoria de m\u00e1s de 10 a\u00f1os en el \u00e1mbito de la discapacidad, Moyano reconoce que la crisis del sector no es nueva ni exclusiva de este gobierno, pero enfatiza que hoy se lleg\u00f3 a un punto l\u00edmite. \u201cNo es que ahora estamos en contra de Milei, venimos de una crisis profunda que ya estaba instalada. Pero esta medida fue el golpe final. Nos preguntan por qu\u00e9 no salimos antes, y la respuesta es clara: sentimos que tocamos fondo. Si esto no se revierte, desaparecemos como sistema\u201d.<\/p>\n\n\n\n<p>Adem\u00e1s de los centros de atenci\u00f3n, est\u00e1n en riesgo las escuelas especiales, los centros de d\u00eda y la atenci\u00f3n domiciliaria. El recorte no s\u00f3lo afecta a los profesionales, sino directamente a las familias. \u201cUna familia que no cuente con cobertura deber\u00eda afrontar m\u00e1s de 400 mil pesos mensuales en terapias para un hijo. Es inviable para la mayor\u00eda\u201d, advirti\u00f3 Moyano.<\/p>\n\n\n\n<p>Las prestaciones que brinda el sistema de discapacidad no las regula directamente la obra social, sino la Superintendencia de Servicios de Salud, que fija un arancel \u00fanico. Actualmente, una sesi\u00f3n de 45 minutos se paga 12.000 pesos, muy por debajo del valor de mercado. \u201cLo que el Estado paga por una sesi\u00f3n no alcanza ni para una pizza. Y adem\u00e1s lo cobraremos, con suerte, en tres meses. Es imposible seguir as\u00ed\u201d, relat\u00f3 la profesional, que incluso evalu\u00f3 dejar su vocaci\u00f3n durante el receso invernal. \u201cDurante las vacaciones atend\u00ed el local de ropa de mi mam\u00e1 en Quilmes. Realmente me cuestiono si seguir, y eso me duele profundamente porque estudi\u00e9 ocho a\u00f1os para esto, como muchas colegas\u201d.<\/p>\n\n\n\n<p>Ante las cr\u00edticas que aseguran que el reclamo es pol\u00edtico, Moyano fue clara. \u201cYo vot\u00e9 a Milei. Esto no es ideol\u00f3gico, no soy del PRO ni kirchnerista ni de izquierda. Este reclamo es transversal. Tambi\u00e9n alzamos la voz para decir basta al reparto indiscriminado de pensiones y CUD sin control, como ocurri\u00f3 anteriormente. Pero el control lo debe ejercer el Estado, no puede ser la excusa para destruir todo un sistema\u201d.<\/p>\n\n\n\n<p>Seg\u00fan los propios profesionales, el gasto en discapacidad representa solo el 0,28% del PBI. \u201cNo es un despilfarro, es una inversi\u00f3n. Si no se sostiene esta red, lo que sigue es el colapso total del sistema. Y el sistema de salud p\u00fablica ya no da respuesta: en salud mental, un hospital te da turno para dentro de seis meses. \u00bfQu\u00e9 familia puede esperar tanto?\u201d, concluy\u00f3 Moyano.<\/p>\n\n\n\n<figure class=\"wp-block-embed is-type-video is-provider-youtube wp-block-embed-youtube wp-embed-aspect-16-9 wp-has-aspect-ratio\"><div class=\"wp-block-embed__wrapper\">\n<iframe loading=\"lazy\" title=\"Entrevista: Lic. Leonela Moyano (Psicopedagoga)\" width=\"640\" height=\"360\" src=\"https:\/\/www.youtube.com\/embed\/G0GVhyvG83U?feature=oembed\" frameborder=\"0\" allow=\"accelerometer; autoplay; clipboard-write; encrypted-media; gyroscope; picture-in-picture; web-share\" referrerpolicy=\"strict-origin-when-cross-origin\" allowfullscreen><\/iframe>\n<\/div><\/figure>\n","protected":false},"excerpt":{"rendered":"<p>Leonela Moyano, psicopedagoga y directora del centro interdisciplinario RIE, advierte sobre el riesgo real de cierre de centros de atenci\u00f3n por la crisis en el sistema de prestaciones. \u201cNo es una cuesti\u00f3n pol\u00edtica, es una emergencia humana: sin apoyo estatal, las familias no pueden pagar 400 mil pesos mensuales en terapias para sus hijos\u201d. La [&hellip;]<\/p>\n","protected":false},"author":4,"featured_media":18135,"comment_status":"open","ping_status":"open","sticky":false,"template":"","format":"standard","meta":{"footnotes":""},"categories":[1,23,34],"tags":[1982,1981],"_links":{"self":[{"href":"https:\/\/enlamira.info\/index.php\/wp-json\/wp\/v2\/posts\/18134"}],"collection":[{"href":"https:\/\/enlamira.info\/index.php\/wp-json\/wp\/v2\/posts"}],"about":[{"href":"https:\/\/enlamira.info\/index.php\/wp-json\/wp\/v2\/types\/post"}],"author":[{"embeddable":true,"href":"https:\/\/enlamira.info\/index.php\/wp-json\/wp\/v2\/users\/4"}],"replies":[{"embeddable":true,"href":"https:\/\/enlamira.info\/index.php\/wp-json\/wp\/v2\/comments?post=18134"}],"version-history":[{"count":1,"href":"https:\/\/enlamira.info\/index.php\/wp-json\/wp\/v2\/posts\/18134\/revisions"}],"predecessor-version":[{"id":18138,"href":"https:\/\/enlamira.info\/index.php\/wp-json\/wp\/v2\/posts\/18134\/revisions\/18138"}],"wp:featuredmedia":[{"embeddable":true,"href":"https:\/\/enlamira.info\/index.php\/wp-json\/wp\/v2\/media\/18135"}],"wp:attachment":[{"href":"https:\/\/enlamira.info\/index.php\/wp-json\/wp\/v2\/media?parent=18134"}],"wp:term":[{"taxonomy":"category","embeddable":true,"href":"https:\/\/enlamira.info\/index.php\/wp-json\/wp\/v2\/categories?post=18134"},{"taxonomy":"post_tag","embeddable":true,"href":"https:\/\/enlamira.info\/index.php\/wp-json\/wp\/v2\/tags?post=18134"}],"curies":[{"name":"wp","href":"https:\/\/api.w.org\/{rel}","templated":true}]}}