{"id":18130,"date":"2025-08-05T15:45:12","date_gmt":"2025-08-05T18:45:12","guid":{"rendered":"https:\/\/enlamira.info\/?p=18130"},"modified":"2025-08-05T15:45:12","modified_gmt":"2025-08-05T18:45:12","slug":"desde-isla-maciel-con-amor-una-madre-y-una-hija-que-organizan-sorteos-para-que-nadie-abandone-la-facultad","status":"publish","type":"post","link":"https:\/\/enlamira.info\/index.php\/2025\/08\/05\/desde-isla-maciel-con-amor-una-madre-y-una-hija-que-organizan-sorteos-para-que-nadie-abandone-la-facultad\/","title":{"rendered":"Desde Isla Maciel con amor: una madre y una hija que organizan sorteos para que nadie abandone la facultad"},"content":{"rendered":"\n<p>En \u201cLa Voz del Vecino\u201d, Marcelo Brunwald entrevist\u00f3 a Ana\u00ed, vecina de Isla Maciel que junto a su hija estudiante de Derecho lanz\u00f3 una iniciativa solidaria para ayudar a otros pibes con \u00fatiles y materiales de estudio.<br>En tiempos donde la crisis golpea, el ejemplo de esta familia muestra que la solidaridad no necesita permisos ni recursos, sino voluntad.<\/p>\n\n\n\n<p>En el aire de <em>La Voz del Vecino<\/em>, el conductor Marcelo Brunwald abri\u00f3 el programa reflexionando sobre la solidaridad, esa actitud de tender la mano cuando m\u00e1s se necesita. En medio de una charla que fue desde recuerdos de infancia hasta frases de un cura de barrio, apareci\u00f3 una historia que vale oro: la de Ana\u00ed y su hija Cristina, vecinas de Isla Maciel, que est\u00e1n cambiando la realidad con una idea tan simple como poderosa.<\/p>\n\n\n\n<p>Ana\u00ed es madre de tres hijos. Cristina, la mayor, tiene 22 a\u00f1os y decidi\u00f3 anotarse en la carrera de abogac\u00eda. Pero como pasa en much\u00edsimos hogares de laburantes, los recursos no siempre alcanzan para acompa\u00f1ar un proyecto tan importante. Lejos de bajar los brazos, esta madre y su hija se pusieron creativas: crearon una cuenta de Instagram llamada <strong>@tufacuamiga<\/strong>, desde donde organizan sorteos con \u00fatiles escolares para ayudar a otras chicas que tambi\u00e9n estudian.<\/p>\n\n\n\n<figure class=\"wp-block-image size-large\"><img loading=\"lazy\" decoding=\"async\" width=\"960\" height=\"1024\" src=\"https:\/\/enlamira.info\/wp-content\/uploads\/2025\/08\/32538d33-1bc8-4940-92b7-8b86a47d65e6-960x1024.jpg\" alt=\"\" class=\"wp-image-18131\" srcset=\"https:\/\/enlamira.info\/wp-content\/uploads\/2025\/08\/32538d33-1bc8-4940-92b7-8b86a47d65e6-960x1024.jpg 960w, https:\/\/enlamira.info\/wp-content\/uploads\/2025\/08\/32538d33-1bc8-4940-92b7-8b86a47d65e6-281x300.jpg 281w, https:\/\/enlamira.info\/wp-content\/uploads\/2025\/08\/32538d33-1bc8-4940-92b7-8b86a47d65e6-768x819.jpg 768w, https:\/\/enlamira.info\/wp-content\/uploads\/2025\/08\/32538d33-1bc8-4940-92b7-8b86a47d65e6-1440x1536.jpg 1440w, https:\/\/enlamira.info\/wp-content\/uploads\/2025\/08\/32538d33-1bc8-4940-92b7-8b86a47d65e6.jpg 1500w\" sizes=\"(max-width: 960px) 100vw, 960px\" \/><\/figure>\n\n\n\n<p>\u201cYo le compr\u00e9 las cosas para que sortee y as\u00ed pueda ayudar a sus compa\u00f1eras\u201d, cuenta Ana\u00ed con orgullo. Cuadernos, lapiceras, blocs de hojas y sets de estudio son parte del premio que preparan para el segundo cuatrimestre. \u201cA veces no hace falta plata, con que alguien te comparta la idea ya est\u00e1s ayudando\u201d, remarca.<\/p>\n\n\n\n<p>Lo m\u00e1s emocionante es que esta iniciativa no busca plata para ellas, sino para sostener el estudio de muchas m\u00e1s chicas y chicos. Como bien subray\u00f3 Brunwald en la entrevista: <em>&#8220;Esta vez no es el Estado, ni el municipio, ni ning\u00fan pol\u00edtico; esta vez son los propios vecinos los que se organizan y se dan una mano entre ellos, aunque no les sobre nada.\u201d<\/em><\/p>\n\n\n\n<p>Y es as\u00ed. Porque mientras muchos se quejan, estas pibas hacen. No esperan subsidios ni c\u00e1maras. Solo quieren que nadie abandone una carrera por no tener una lapicera o la SUBE cargada. El gesto es peque\u00f1o, pero el impacto enorme.<\/p>\n\n\n\n<p>La entrevista termin\u00f3 con una invitaci\u00f3n abierta: que se acerquen al programa, que se tomen unos mates y que cuenten en vivo c\u00f3mo es este proyecto que puede inspirar a miles. Y como dijo Marcelo, <em>\u201cSi vas a poner plata en campa\u00f1a, que sea para que esta piba pueda terminar de estudiar, tenga algo para comer y no abandone. Esa ser\u00eda la mejor campa\u00f1a.\u201d<\/em><\/p>\n\n\n\n<p>Hoy desde la Isla Maciel, una madre y una hija nos ense\u00f1an que la transformaci\u00f3n social puede empezar con un sorteo de \u00fatiles. Pero sobre todo, empieza cuando se piensa en el otro<\/p>\n\n\n\n<figure class=\"wp-block-embed is-type-video is-provider-youtube wp-block-embed-youtube wp-embed-aspect-16-9 wp-has-aspect-ratio\"><div class=\"wp-block-embed__wrapper\">\n<iframe loading=\"lazy\" title=\"Entrevista: Anah\u00ec, vecina de Isla Maciel, integrante de &quot;Facuamigos&quot; (Solidaridad)\" width=\"640\" height=\"360\" src=\"https:\/\/www.youtube.com\/embed\/ye-1ztkP0z8?feature=oembed\" frameborder=\"0\" allow=\"accelerometer; autoplay; clipboard-write; encrypted-media; gyroscope; picture-in-picture; web-share\" referrerpolicy=\"strict-origin-when-cross-origin\" allowfullscreen><\/iframe>\n<\/div><\/figure>\n","protected":false},"excerpt":{"rendered":"<p>En \u201cLa Voz del Vecino\u201d, Marcelo Brunwald entrevist\u00f3 a Ana\u00ed, vecina de Isla Maciel que junto a su hija estudiante de Derecho lanz\u00f3 una iniciativa solidaria para ayudar a otros pibes con \u00fatiles y materiales de estudio.En tiempos donde la crisis golpea, el ejemplo de esta familia muestra que la solidaridad no necesita permisos ni [&hellip;]<\/p>\n","protected":false},"author":4,"featured_media":18132,"comment_status":"open","ping_status":"open","sticky":false,"template":"","format":"standard","meta":{"footnotes":""},"categories":[1,34],"tags":[],"_links":{"self":[{"href":"https:\/\/enlamira.info\/index.php\/wp-json\/wp\/v2\/posts\/18130"}],"collection":[{"href":"https:\/\/enlamira.info\/index.php\/wp-json\/wp\/v2\/posts"}],"about":[{"href":"https:\/\/enlamira.info\/index.php\/wp-json\/wp\/v2\/types\/post"}],"author":[{"embeddable":true,"href":"https:\/\/enlamira.info\/index.php\/wp-json\/wp\/v2\/users\/4"}],"replies":[{"embeddable":true,"href":"https:\/\/enlamira.info\/index.php\/wp-json\/wp\/v2\/comments?post=18130"}],"version-history":[{"count":1,"href":"https:\/\/enlamira.info\/index.php\/wp-json\/wp\/v2\/posts\/18130\/revisions"}],"predecessor-version":[{"id":18133,"href":"https:\/\/enlamira.info\/index.php\/wp-json\/wp\/v2\/posts\/18130\/revisions\/18133"}],"wp:featuredmedia":[{"embeddable":true,"href":"https:\/\/enlamira.info\/index.php\/wp-json\/wp\/v2\/media\/18132"}],"wp:attachment":[{"href":"https:\/\/enlamira.info\/index.php\/wp-json\/wp\/v2\/media?parent=18130"}],"wp:term":[{"taxonomy":"category","embeddable":true,"href":"https:\/\/enlamira.info\/index.php\/wp-json\/wp\/v2\/categories?post=18130"},{"taxonomy":"post_tag","embeddable":true,"href":"https:\/\/enlamira.info\/index.php\/wp-json\/wp\/v2\/tags?post=18130"}],"curies":[{"name":"wp","href":"https:\/\/api.w.org\/{rel}","templated":true}]}}