{"id":18123,"date":"2025-08-05T00:03:00","date_gmt":"2025-08-05T03:03:00","guid":{"rendered":"https:\/\/enlamira.info\/?p=18123"},"modified":"2025-08-04T23:11:16","modified_gmt":"2025-08-05T02:11:16","slug":"cecilia-soler-superviso-el-avance-de-la-obra-de-refaccion-integral-de-plaza-belen-en-bernal-oeste","status":"publish","type":"post","link":"https:\/\/enlamira.info\/index.php\/2025\/08\/05\/cecilia-soler-superviso-el-avance-de-la-obra-de-refaccion-integral-de-plaza-belen-en-bernal-oeste\/","title":{"rendered":"Cecilia Soler supervis\u00f3 el avance de la obra de refacci\u00f3n integral de Plaza Bel\u00e9n en Bernal Oeste"},"content":{"rendered":"\n<p>La secretaria de Desarrollo Urbano y Obra P\u00fablica y candidata a 1\u00b0 Concejala por Fuerza Patria Quilmes, Ceci Soler, recorri\u00f3 este lunes el progreso de la obra de refacci\u00f3n integral de la plaza Domingo Sarmiento, popularmente conocida como plaza Bel\u00e9n, ubicada en la manzana de Zeballos, Smith, Alem y Viejo Bueno, en Bernal Oeste, con la finalidad de que las y los vecinos disfruten de un espacio p\u00fablico de calidad y con las mejores condiciones.<\/p>\n\n\n\n<p>\u201cEsta plaza cuenta con fondos 100% municipales a\u00fan en este momento de ajuste de la obra p\u00fablica por parte del Gobierno Nacional. Y es una obra que forma parte de un compromiso de gesti\u00f3n y de nuestra intendenta Mayra Mendoza de renovar la totalidad de los espacios p\u00fablicos de nuestro distrito\u201c, expres\u00f3 Soler.<\/p>\n\n\n\n<p>Esta iniciativa es concretada con un 100% de financiamiento municipal y contar\u00e1 con 25 bancos restaurados, bebederos, 10 cestos de basura met\u00e1licos, un t\u00f3tem institucional, cinco tipos de solados y 21 columnas de iluminaci\u00f3n LED.<\/p>\n\n\n\n<p>A su vez, se incorporar\u00e1n cuatro nuevos sectores: uno para hacer gimnasia, con pisos de goma y equipamiento; otro con una cancha multideportes de hormig\u00f3n para la pr\u00e1ctica de f\u00fatbol y b\u00e1squet, con arcos, aros, demarcaci\u00f3n y luminarias; otro las primeras infancias con juegos adaptados, piso de goma y con todas las necesidades para las y los m\u00e1s chicos; y un \u00faltimo sector para las segundas infancias, un hecho in\u00e9dito en el distrito, ya que ser\u00e1 el primero en contar con equipamiento l\u00fadico y que tiene reminiscencia a los boy scouts.<\/p>\n\n\n\n<p>Tambi\u00e9n participaron de la actividad los subsecretarios de Deportes y Entidades de Bien P\u00fablico, Nicol\u00e1s Mellino; de Participaci\u00f3n y Relaciones Institucionales, Facundo Rivero; las y los directores generales de Entidades de Bien P\u00fablico, Martina Bonanata; de Fiscalizaci\u00f3n, Noelia Arguello; de Formaci\u00f3n Laboral, Franco Montali; de Arquitectura y Proyectos, Luc\u00eda Cosoy; los directores de Promoci\u00f3n Deportiva, Ligas y Federaciones, Carlos Doallo; y de la Regional de Bernal, C\u00e9sar Ugolini.<\/p>\n","protected":false},"excerpt":{"rendered":"<p>La secretaria de Desarrollo Urbano y Obra P\u00fablica y candidata a 1\u00b0 Concejala por Fuerza Patria Quilmes, Ceci Soler, recorri\u00f3 este lunes el progreso de la obra de refacci\u00f3n integral de la plaza Domingo Sarmiento, popularmente conocida como plaza Bel\u00e9n, ubicada en la manzana de Zeballos, Smith, Alem y Viejo Bueno, en Bernal Oeste, con [&hellip;]<\/p>\n","protected":false},"author":4,"featured_media":18124,"comment_status":"open","ping_status":"open","sticky":false,"template":"","format":"standard","meta":{"footnotes":""},"categories":[1],"tags":[28,443],"_links":{"self":[{"href":"https:\/\/enlamira.info\/index.php\/wp-json\/wp\/v2\/posts\/18123"}],"collection":[{"href":"https:\/\/enlamira.info\/index.php\/wp-json\/wp\/v2\/posts"}],"about":[{"href":"https:\/\/enlamira.info\/index.php\/wp-json\/wp\/v2\/types\/post"}],"author":[{"embeddable":true,"href":"https:\/\/enlamira.info\/index.php\/wp-json\/wp\/v2\/users\/4"}],"replies":[{"embeddable":true,"href":"https:\/\/enlamira.info\/index.php\/wp-json\/wp\/v2\/comments?post=18123"}],"version-history":[{"count":1,"href":"https:\/\/enlamira.info\/index.php\/wp-json\/wp\/v2\/posts\/18123\/revisions"}],"predecessor-version":[{"id":18125,"href":"https:\/\/enlamira.info\/index.php\/wp-json\/wp\/v2\/posts\/18123\/revisions\/18125"}],"wp:featuredmedia":[{"embeddable":true,"href":"https:\/\/enlamira.info\/index.php\/wp-json\/wp\/v2\/media\/18124"}],"wp:attachment":[{"href":"https:\/\/enlamira.info\/index.php\/wp-json\/wp\/v2\/media?parent=18123"}],"wp:term":[{"taxonomy":"category","embeddable":true,"href":"https:\/\/enlamira.info\/index.php\/wp-json\/wp\/v2\/categories?post=18123"},{"taxonomy":"post_tag","embeddable":true,"href":"https:\/\/enlamira.info\/index.php\/wp-json\/wp\/v2\/tags?post=18123"}],"curies":[{"name":"wp","href":"https:\/\/api.w.org\/{rel}","templated":true}]}}