{"id":18117,"date":"2025-08-04T00:02:00","date_gmt":"2025-08-04T03:02:00","guid":{"rendered":"https:\/\/enlamira.info\/?p=18117"},"modified":"2025-08-03T22:03:49","modified_gmt":"2025-08-04T01:03:49","slug":"florencio-varela-detienen-a-un-profugo-buscado-por-comercializar-material-de-abuso-sexual-infantil","status":"publish","type":"post","link":"https:\/\/enlamira.info\/index.php\/2025\/08\/04\/florencio-varela-detienen-a-un-profugo-buscado-por-comercializar-material-de-abuso-sexual-infantil\/","title":{"rendered":"Florencio Varela: Detienen a un pr\u00f3fugo buscado por comercializar material de abuso sexual infantil"},"content":{"rendered":"\n<p>Un hombre que se encontraba pr\u00f3fugo desde abril de 2024 vinculado a una causa por distribuci\u00f3n y comercializaci\u00f3n de material de abuso sexual infantil fue detenido por efectivos de la Polic\u00eda de la Ciudad.<\/p>\n\n\n\n<p>El acusado fue apresado en una vivienda del partido bonaerense de Florencio Varela por personal de la Divisi\u00f3n Investigaciones Tecnol\u00f3gicas Especiales, en el marco de una causa tramitada por la Unidad Fiscal de Instrucci\u00f3n (UFI) n\u00famero 8 descentralizada de Berazategui, especializada en Cibercrimen y Delitos Conexos a la Trata de Personas.<\/p>\n\n\n\n<p>El caso se inici\u00f3 tras una denuncia radicada por la entonces pareja del imputado, quien encontr\u00f3 archivos de contenido ped\u00f3filo en un tel\u00e9fono celular que el hombre hab\u00eda prestado a su hijo menor.<\/p>\n\n\n\n<p>A ra\u00edz de la denuncia, se allan\u00f3 su domicilio, pero el sujeto no fue localizado, ya que se hab\u00eda fugado previamente.<\/p>\n\n\n\n<p>En ese procedimiento se secuestraron tel\u00e9fonos m\u00f3viles, computadoras port\u00e1tiles y dispositivos de almacenamiento digital, los cuales, tras las pericias correspondientes, arrojaron resultados positivos respecto a la presencia de material de abuso sexual infantil.<\/p>\n\n\n\n<p>Luego de permanecer pr\u00f3fugo, el sospechoso fue localizado tras tareas investigativas y fue detenido a ra\u00edz de un allanamiento en una vivienda de Florencio Varela, donde adem\u00e1s secuestraron dispositivos electr\u00f3nicos.<\/p>\n","protected":false},"excerpt":{"rendered":"<p>Un hombre que se encontraba pr\u00f3fugo desde abril de 2024 vinculado a una causa por distribuci\u00f3n y comercializaci\u00f3n de material de abuso sexual infantil fue detenido por efectivos de la Polic\u00eda de la Ciudad. El acusado fue apresado en una vivienda del partido bonaerense de Florencio Varela por personal de la Divisi\u00f3n Investigaciones Tecnol\u00f3gicas Especiales, [&hellip;]<\/p>\n","protected":false},"author":4,"featured_media":18119,"comment_status":"open","ping_status":"open","sticky":false,"template":"","format":"standard","meta":{"footnotes":""},"categories":[1],"tags":[28,1980],"_links":{"self":[{"href":"https:\/\/enlamira.info\/index.php\/wp-json\/wp\/v2\/posts\/18117"}],"collection":[{"href":"https:\/\/enlamira.info\/index.php\/wp-json\/wp\/v2\/posts"}],"about":[{"href":"https:\/\/enlamira.info\/index.php\/wp-json\/wp\/v2\/types\/post"}],"author":[{"embeddable":true,"href":"https:\/\/enlamira.info\/index.php\/wp-json\/wp\/v2\/users\/4"}],"replies":[{"embeddable":true,"href":"https:\/\/enlamira.info\/index.php\/wp-json\/wp\/v2\/comments?post=18117"}],"version-history":[{"count":1,"href":"https:\/\/enlamira.info\/index.php\/wp-json\/wp\/v2\/posts\/18117\/revisions"}],"predecessor-version":[{"id":18118,"href":"https:\/\/enlamira.info\/index.php\/wp-json\/wp\/v2\/posts\/18117\/revisions\/18118"}],"wp:featuredmedia":[{"embeddable":true,"href":"https:\/\/enlamira.info\/index.php\/wp-json\/wp\/v2\/media\/18119"}],"wp:attachment":[{"href":"https:\/\/enlamira.info\/index.php\/wp-json\/wp\/v2\/media?parent=18117"}],"wp:term":[{"taxonomy":"category","embeddable":true,"href":"https:\/\/enlamira.info\/index.php\/wp-json\/wp\/v2\/categories?post=18117"},{"taxonomy":"post_tag","embeddable":true,"href":"https:\/\/enlamira.info\/index.php\/wp-json\/wp\/v2\/tags?post=18117"}],"curies":[{"name":"wp","href":"https:\/\/api.w.org\/{rel}","templated":true}]}}