{"id":1807,"date":"2024-03-23T15:37:14","date_gmt":"2024-03-23T18:37:14","guid":{"rendered":"https:\/\/enlamira.info\/?p=1807"},"modified":"2024-03-23T15:43:44","modified_gmt":"2024-03-23T18:43:44","slug":"entre-acusaciones-y-reproches-el-pj-designo-una-conduccion-provisoria-tras-la-salida-de-alberto-fernandez","status":"publish","type":"post","link":"https:\/\/enlamira.info\/index.php\/2024\/03\/23\/entre-acusaciones-y-reproches-el-pj-designo-una-conduccion-provisoria-tras-la-salida-de-alberto-fernandez\/","title":{"rendered":"Entre acusaciones y reproches, el PJ design\u00f3 una conducci\u00f3n provisoria tras la salida de Alberto Fern\u00e1ndez"},"content":{"rendered":"\n<p>Mientras una parte del peronismo reclama por la apertura de elecciones de internas, se conform\u00f3 una \u201cMesa de Acci\u00f3n Pol\u00edtica\u201d provisional compuesta por Axel Kicillof y Juan Manzur, entre otros.<\/p>\n\n\n\n<p>En el microestadio de Ferro, en el barrio porte\u00f1o de Caballito,\u00a0466 congresales peronistas de todo el pa\u00eds \u2013sobre los 900 convocados\u2013 se reunieron para oficializar la salida forzada de su \u00faltimo titular, el expresidente\u00a0Alberto Fern\u00e1ndez, a trav\u00e9s de una licencia.<\/p>\n\n\n\n<p>En el encuentro encabezado por el gobernador de Formosa,\u00a0Gildo Insfr\u00e1n, se lanzaron varios pases de factura entre los dirigentes e indefiniciones sobre los plazos para llamar a elecciones anticipadas y definir la nueva conducci\u00f3n con internas o lista \u00fanica.<\/p>\n\n\n\n<p>Este viernes, el \u00f3rgano legislativo del PJ cre\u00f3 por pedido del gobernador bonaerense Axel Kicillof una\u00a0Comisi\u00f3n de Acci\u00f3n Pol\u00edtica (CAP),\u00a0bajo el eslogan \u201cPara el modelo argentino\u201d, cuyo objetivo ser\u00e1 reemplazar a Fern\u00e1ndez hasta que se consigne su sucesor.\u00a0<\/p>\n\n\n\n<p>As\u00ed, la principal fuerza de oposici\u00f3n resolvi\u00f3 que la Comisi\u00f3n estar\u00e1 a cargo del Consejo Nacional del partido, integrado por los cinco vicepresidentes, tras la falta de acuerdo para su conformaci\u00f3n.&nbsp;<\/p>\n\n\n\n<p>De esta manera, en base al estatuto del partido,\u00a0Cristina \u00c1lvarez Rodr\u00edguez,\u00a0Axel Kicillof, Anal\u00eda Rach Quiroga, Juan Manzur y Luc\u00eda Corpacci son los que deber\u00e1n asumir la responsabilidad de la conducci\u00f3n provisoria.<\/p>\n\n\n\n<p>\u201cEn el marco del escenario de gravedad social e institucional que atraviesa nuestro pa\u00eds, como consecuencia de las pol\u00edticas de ajuste impulsadas por el actual gobierno, se decidi\u00f3 la conformaci\u00f3n de una Mesa de Acci\u00f3n Pol\u00edtica para el Modelo Argentino\u201d, expres\u00f3 el PJ a trav\u00e9s de un comunicado.<\/p>\n\n\n\n<p>Seg\u00fan remarcaron, la comisi\u00f3n qued\u00f3 a cargo \u201cde las autoridades del Consejo Nacional del Partido, con el objetivo de realizar una convocatoria amplia a todos los sectores y a todos aquellos y aquellas que se sienten parte del movimiento nacional y popular, para iniciar un proceso de recuperaci\u00f3n basado en la producci\u00f3n, el trabajo, la solidaridad y el reparto equitativo de la riqueza, enmarcado dentro de la justicia social\u201d.<\/p>\n\n\n\n<p>\u201cMi prioridad es la unidad del peronismo, porque en el peronismo no sobra nadie\u201d, afirm\u00f3 Insfr\u00e1n, quien estuvo acompa\u00f1ado en el estrado por otros mandatarios provinciales, tales como Axel Kicillof (provincia de Buenos Aires), Ricardo Quintela (La Rioja) y Ra\u00fal Jalil (Catamarca), y de los senadores Corpacci, Manzur, Eduardo \u201cWado\u201d de Pedro y Jos\u00e9 Neder.\u00a0<\/p>\n\n\n\n<p>Asimismo, en el escenario tambi\u00e9n estuvieron Cristina \u00c1lvarez Rodr\u00edguez, Fernanda Raverta, Fernando Espinoza, Ver\u00f3nica Magario, Jos\u00e9 Luis Gioja y Juan Manuel Olmos. Por su parte, entre las ausencias se destac\u00f3 la de Sergio Massa, quien opt\u00f3 por realizar el mismo d\u00eda y a la misma hora el congreso de su propio espacio, el Frente Renovador, en Parque Norte.<\/p>\n\n\n\n<p>Ante el avance de Javier Milei, una\u00a0facci\u00f3n del PJ\u00a0se ha planteado la necesidad de realizar una autocr\u00edtica ya postergada y un consecuente recambio generacional para hacer frente a los pr\u00f3ximos desaf\u00edos electorales. Adem\u00e1s, proponen abrir las puertas a dirigentes distanciados de Uni\u00f3n por la Patria.<\/p>\n\n\n\n<p>Para materializar su retorno, esta facci\u00f3n sugiere la celebraci\u00f3n de elecciones internas, una pr\u00e1ctica que el partido no ha enfrentado en a\u00f1os. En este sentido, se han expresado opiniones contundentes y varios l\u00edderes se han retirado del encuentro enojados.<\/p>\n\n\n\n<p>Durante la reuni\u00f3n, que se prolong\u00f3 hasta las tres de la tarde sin la presencia de M\u00e1ximo Kirchner, los cr\u00edticos m\u00e1s destacados fueron el intendente de Esteban Echeverr\u00eda, Fernando Gray; el exministro Sergio Berni y el exgobernador de San Luis, Alberto Rodr\u00edguez Sa\u00e1, quien se manifest\u00f3 \u201cmedio trist\u00f3n ante\u00a0bastante gatopardismo.\u00a0Parece que cambian las cosas para que nada cambie\u201d.\u00a0<\/p>\n\n\n\n<p>\u201cHay que modificar el reglamento interno. Si no, nunca va a haber una elecci\u00f3n seria en el PJ.\u00a0\u00bfHace cuanto el partido no tiene candidatos propios? \u00bfHace cuanto no se aceptan elecciones internas?\u201d, agreg\u00f3 Alberto Rodr\u00edguez Saa.<\/p>\n\n\n\n<p>Por su parte, Berni advirti\u00f3 que\u00a0\u201cel peronismo est\u00e1 lleno de telara\u00f1as\u201d\u00a0y expres\u00f3 su descontento con el hecho de que\u00a0 \u201choy no se dijo ni se realiz\u00f3 nada\u201d. \u201cNecesitamos imperiosamente llamar a una elecci\u00f3n interna. \u00bfDesde cuando el peronismo le tiene miedo a una elecci\u00f3n interna?\u201d, plante\u00f3 el senador nacional y exministro de Seguridad bonaerense.<\/p>\n","protected":false},"excerpt":{"rendered":"<p>Mientras una parte del peronismo reclama por la apertura de elecciones de internas, se conform\u00f3 una \u201cMesa de Acci\u00f3n Pol\u00edtica\u201d provisional compuesta por Axel Kicillof y Juan Manzur, entre otros. En el microestadio de Ferro, en el barrio porte\u00f1o de Caballito,\u00a0466 congresales peronistas de todo el pa\u00eds \u2013sobre los 900 convocados\u2013 se reunieron para oficializar [&hellip;]<\/p>\n","protected":false},"author":2,"featured_media":1809,"comment_status":"open","ping_status":"open","sticky":false,"template":"","format":"standard","meta":{"footnotes":""},"categories":[20],"tags":[],"_links":{"self":[{"href":"https:\/\/enlamira.info\/index.php\/wp-json\/wp\/v2\/posts\/1807"}],"collection":[{"href":"https:\/\/enlamira.info\/index.php\/wp-json\/wp\/v2\/posts"}],"about":[{"href":"https:\/\/enlamira.info\/index.php\/wp-json\/wp\/v2\/types\/post"}],"author":[{"embeddable":true,"href":"https:\/\/enlamira.info\/index.php\/wp-json\/wp\/v2\/users\/2"}],"replies":[{"embeddable":true,"href":"https:\/\/enlamira.info\/index.php\/wp-json\/wp\/v2\/comments?post=1807"}],"version-history":[{"count":2,"href":"https:\/\/enlamira.info\/index.php\/wp-json\/wp\/v2\/posts\/1807\/revisions"}],"predecessor-version":[{"id":1811,"href":"https:\/\/enlamira.info\/index.php\/wp-json\/wp\/v2\/posts\/1807\/revisions\/1811"}],"wp:featuredmedia":[{"embeddable":true,"href":"https:\/\/enlamira.info\/index.php\/wp-json\/wp\/v2\/media\/1809"}],"wp:attachment":[{"href":"https:\/\/enlamira.info\/index.php\/wp-json\/wp\/v2\/media?parent=1807"}],"wp:term":[{"taxonomy":"category","embeddable":true,"href":"https:\/\/enlamira.info\/index.php\/wp-json\/wp\/v2\/categories?post=1807"},{"taxonomy":"post_tag","embeddable":true,"href":"https:\/\/enlamira.info\/index.php\/wp-json\/wp\/v2\/tags?post=1807"}],"curies":[{"name":"wp","href":"https:\/\/api.w.org\/{rel}","templated":true}]}}