{"id":1795,"date":"2024-03-23T15:33:07","date_gmt":"2024-03-23T18:33:07","guid":{"rendered":"https:\/\/enlamira.info\/?p=1795"},"modified":"2024-03-23T15:46:53","modified_gmt":"2024-03-23T18:46:53","slug":"escandalo-con-el-embajador-argentino-en-chile-lo-acusan-de-insultar-a-funcionarios-de-gabriel-boric","status":"publish","type":"post","link":"https:\/\/enlamira.info\/index.php\/2024\/03\/23\/escandalo-con-el-embajador-argentino-en-chile-lo-acusan-de-insultar-a-funcionarios-de-gabriel-boric\/","title":{"rendered":"Esc\u00e1ndalo con el embajador argentino en Chile: lo acusan de insultar a funcionarios de Gabriel Boric"},"content":{"rendered":"\n<p>Seg\u00fan las denuncias, Jorge Faurie habr\u00eda proferido frases despectivas hacia el pa\u00eds vecino y sus representantes en un reuni\u00f3n bilateral.<\/p>\n\n\n\n<p>El\u00a0embajador\u00a0argentino en Chile, Jorge Faurie, se encuentra en el ojo del hurac\u00e1n tras ser\u00a0acusado de maltratar a funcionarios del gobierno chileno\u00a0durante un encuentro bilateral celebrado el 15 de marzo. Seg\u00fan las denuncias,\u00a0el exministro de Relaciones Exteriores habr\u00eda proferido frases despectivas hacia Chile y sus representantes, generando un fuerte malestar en La Moneda -palacio\u00a0presidencial\u00a0de Chile-.<\/p>\n\n\n\n<p>Durante el encuentro en el Paso Los Libertadores, Faurie habr\u00eda cuestionado la validez de cargos chilenos y menospreciado la posici\u00f3n de Chile como potencia agr\u00edcola.\u00a0\u201cMi pa\u00eds (por\u00a0Argentina) ya era potencia agr\u00edcola mientras ustedes reci\u00e9n aprend\u00edan a comer\u201d\u00a0habr\u00eda expresado el funcionario argentino. Estos incidentes motivaron que la Canciller\u00eda chilena presentara cuatro quejas formales, expresando su preocupaci\u00f3n por la actitud del embajador.<\/p>\n\n\n\n<p>Faurie se habr\u00eda negado a reconocer el cargo del delegado presidencial provincial de Los Andes, Cristian Aravena, y elevado el tono de voz durante la reuni\u00f3n,\u00a0llegando incluso a dar golpes en la mesa. Estos actos fueron detallados en los oficios enviados a La Moneda.<\/p>\n\n\n\n<p>El embajador, por su parte,\u00a0niega haber generado un ambiente tenso durante el encuentro\u00a0y minimiza la importancia de los hechos. Sin embargo, este no es el primer incidente en el que se ve envuelto, ya que en enero pasado fue acusado de haber declarado que las relaciones bilaterales entre Argentina y Chile eran un\u00a0\u201cdesastre\u201d.<\/p>\n","protected":false},"excerpt":{"rendered":"<p>Seg\u00fan las denuncias, Jorge Faurie habr\u00eda proferido frases despectivas hacia el pa\u00eds vecino y sus representantes en un reuni\u00f3n bilateral. El\u00a0embajador\u00a0argentino en Chile, Jorge Faurie, se encuentra en el ojo del hurac\u00e1n tras ser\u00a0acusado de maltratar a funcionarios del gobierno chileno\u00a0durante un encuentro bilateral celebrado el 15 de marzo. Seg\u00fan las denuncias,\u00a0el exministro de Relaciones [&hellip;]<\/p>\n","protected":false},"author":2,"featured_media":1797,"comment_status":"open","ping_status":"open","sticky":false,"template":"","format":"standard","meta":{"footnotes":""},"categories":[20],"tags":[],"_links":{"self":[{"href":"https:\/\/enlamira.info\/index.php\/wp-json\/wp\/v2\/posts\/1795"}],"collection":[{"href":"https:\/\/enlamira.info\/index.php\/wp-json\/wp\/v2\/posts"}],"about":[{"href":"https:\/\/enlamira.info\/index.php\/wp-json\/wp\/v2\/types\/post"}],"author":[{"embeddable":true,"href":"https:\/\/enlamira.info\/index.php\/wp-json\/wp\/v2\/users\/2"}],"replies":[{"embeddable":true,"href":"https:\/\/enlamira.info\/index.php\/wp-json\/wp\/v2\/comments?post=1795"}],"version-history":[{"count":2,"href":"https:\/\/enlamira.info\/index.php\/wp-json\/wp\/v2\/posts\/1795\/revisions"}],"predecessor-version":[{"id":1798,"href":"https:\/\/enlamira.info\/index.php\/wp-json\/wp\/v2\/posts\/1795\/revisions\/1798"}],"wp:featuredmedia":[{"embeddable":true,"href":"https:\/\/enlamira.info\/index.php\/wp-json\/wp\/v2\/media\/1797"}],"wp:attachment":[{"href":"https:\/\/enlamira.info\/index.php\/wp-json\/wp\/v2\/media?parent=1795"}],"wp:term":[{"taxonomy":"category","embeddable":true,"href":"https:\/\/enlamira.info\/index.php\/wp-json\/wp\/v2\/categories?post=1795"},{"taxonomy":"post_tag","embeddable":true,"href":"https:\/\/enlamira.info\/index.php\/wp-json\/wp\/v2\/tags?post=1795"}],"curies":[{"name":"wp","href":"https:\/\/api.w.org\/{rel}","templated":true}]}}