{"id":1790,"date":"2024-03-23T15:32:15","date_gmt":"2024-03-23T18:32:15","guid":{"rendered":"https:\/\/enlamira.info\/?p=1790"},"modified":"2024-03-23T15:48:00","modified_gmt":"2024-03-23T18:48:00","slug":"la-orden-de-javier-milei-deberan-reducir-en-un-20-los-empleados-publicos","status":"publish","type":"post","link":"https:\/\/enlamira.info\/index.php\/2024\/03\/23\/la-orden-de-javier-milei-deberan-reducir-en-un-20-los-empleados-publicos\/","title":{"rendered":"La orden de Javier Milei: deber\u00e1n reducir en un 20% los empleados p\u00fablicos"},"content":{"rendered":"\n<p>En principio, afectar\u00e1 a aquellos empleados cuyos contratos hab\u00edan sido prorrogados por tres meses a principios de a\u00f1o y vencen el 31. ATE, por su parte, convoc\u00f3 a un paro de empleados estatales para el pr\u00f3ximo martes 26.<\/p>\n\n\n\n<p>El presidente\u00a0Javier\u00a0Milei\u00a0aprob\u00f3 un amplio\u00a0recorte\u00a0de\u00a0empleados p\u00fablicos\u00a0que implicar\u00e1 una\u00a0reducci\u00f3n del 20% la plantilla del personal de cada ministerio nacional. Esta dura medida afectar\u00e1, en principio, al personal contratado. Se trata de cientos de empleados cuyos contratos hab\u00edan sido prorrogados por tres meses a principios de a\u00f1o y vencen el 31.<\/p>\n\n\n\n<p>A la fecha, ya hubo recortes en el\u00a0PAMI, en el INCAA, en AYSA, en el ENACOM, en el Instituto de Agricultura Familiar, Campesina e Ind\u00edgena y el Consejo Nacional de Agricultura Familiar, seg\u00fan anunci\u00f3 esta semana el vocero presidencial\u00a0Manuel\u00a0Adorni, en Anses y el Conicet.<\/p>\n\n\n\n<p>Frente a la medida explosiva y ante los rumores que ya circulaban, los estatales llamaron a un nuevo paro nacional en la administraci\u00f3n p\u00fablica para la pr\u00f3xima semana.<\/p>\n\n\n\n<p>\u201cContra los despidos,\u00a0ATE resolvi\u00f3 paro el 26\u2033, anunci\u00f3 el secretario general del sindicato,\u00a0Rodolfo Aguiar, en X. Y expres\u00f3: \u201cSi Milei quiere conflicto, conflicto tendr\u00e1\u201d.<\/p>\n\n\n\n<p>\u201cEl Gobierno intenta destrozar el Estado y tenemos que resistir. No podemos permitir que se desestructure el Estado. Tenemos que defender la presencia del Estado en todo el territorio nacional\u201d, afirm\u00f3\u00a0Aguiar.<\/p>\n","protected":false},"excerpt":{"rendered":"<p>En principio, afectar\u00e1 a aquellos empleados cuyos contratos hab\u00edan sido prorrogados por tres meses a principios de a\u00f1o y vencen el 31. ATE, por su parte, convoc\u00f3 a un paro de empleados estatales para el pr\u00f3ximo martes 26. El presidente\u00a0Javier\u00a0Milei\u00a0aprob\u00f3 un amplio\u00a0recorte\u00a0de\u00a0empleados p\u00fablicos\u00a0que implicar\u00e1 una\u00a0reducci\u00f3n del 20% la plantilla del personal de cada ministerio nacional. [&hellip;]<\/p>\n","protected":false},"author":2,"featured_media":1792,"comment_status":"open","ping_status":"open","sticky":false,"template":"","format":"standard","meta":{"footnotes":""},"categories":[20],"tags":[],"_links":{"self":[{"href":"https:\/\/enlamira.info\/index.php\/wp-json\/wp\/v2\/posts\/1790"}],"collection":[{"href":"https:\/\/enlamira.info\/index.php\/wp-json\/wp\/v2\/posts"}],"about":[{"href":"https:\/\/enlamira.info\/index.php\/wp-json\/wp\/v2\/types\/post"}],"author":[{"embeddable":true,"href":"https:\/\/enlamira.info\/index.php\/wp-json\/wp\/v2\/users\/2"}],"replies":[{"embeddable":true,"href":"https:\/\/enlamira.info\/index.php\/wp-json\/wp\/v2\/comments?post=1790"}],"version-history":[{"count":2,"href":"https:\/\/enlamira.info\/index.php\/wp-json\/wp\/v2\/posts\/1790\/revisions"}],"predecessor-version":[{"id":1794,"href":"https:\/\/enlamira.info\/index.php\/wp-json\/wp\/v2\/posts\/1790\/revisions\/1794"}],"wp:featuredmedia":[{"embeddable":true,"href":"https:\/\/enlamira.info\/index.php\/wp-json\/wp\/v2\/media\/1792"}],"wp:attachment":[{"href":"https:\/\/enlamira.info\/index.php\/wp-json\/wp\/v2\/media?parent=1790"}],"wp:term":[{"taxonomy":"category","embeddable":true,"href":"https:\/\/enlamira.info\/index.php\/wp-json\/wp\/v2\/categories?post=1790"},{"taxonomy":"post_tag","embeddable":true,"href":"https:\/\/enlamira.info\/index.php\/wp-json\/wp\/v2\/tags?post=1790"}],"curies":[{"name":"wp","href":"https:\/\/api.w.org\/{rel}","templated":true}]}}