{"id":17857,"date":"2025-07-23T00:10:00","date_gmt":"2025-07-23T03:10:00","guid":{"rendered":"https:\/\/enlamira.info\/?p=17857"},"modified":"2025-07-22T22:33:21","modified_gmt":"2025-07-23T01:33:21","slug":"llevaba-6-anos-profugo-por-abusar-de-su-hijastra-y-lo-detuvieron-caminando-por-lomas","status":"publish","type":"post","link":"https:\/\/enlamira.info\/index.php\/2025\/07\/23\/llevaba-6-anos-profugo-por-abusar-de-su-hijastra-y-lo-detuvieron-caminando-por-lomas\/","title":{"rendered":"Llevaba 6 a\u00f1os pr\u00f3fugo por abusar de su hijastra y lo detuvieron caminando por Lomas"},"content":{"rendered":"\n<p>Agentes de la Direcci\u00f3n de Investigaciones de Trata de Personas y Operaciones Complejas de la Polic\u00eda de la Provincia de Buenos Aires detuvieron en el barrio La Loma, en Lomas de Zamora, a Walter Daniel Jim\u00e9nez (52), un hombre que se mantuvo pr\u00f3fugo de la Justicia desde 2019 tras ser acusado de abusar sexualmente de su hijastra de apenas 10 a\u00f1os.<\/p>\n\n\n\n<p>De acuerdo con la investigaci\u00f3n, el presunto abusador se ocultaba en una vivienda de esa localidad bonaerense del y, tras un seguimiento que incluy\u00f3 tareas de observaci\u00f3n en el barrio, lo detuvieron en las inmediaciones de la calle Trelles, entre Intendente Felipe Castro y Gaucho Rivero, en el barrio La Loma.<\/p>\n\n\n\n<p>El arresto obedec\u00eda a una orden de captura nacional e internacional emitida el 24 de octubre de 2019, reforzada por una Alerta Roja de Interpol, elevada casi al mismo tiempo, seg\u00fan inform\u00f3 Infobae.<\/p>\n\n\n\n<p>El caso se origin\u00f3 a partir de una denuncia formalizada el 17 de noviembre de 2014, cuando la madre de la menor tom\u00f3 conocimiento de los abusos cometidos por Jim\u00e9nez, quien era su ex pareja.<\/p>\n\n\n\n<p>En la denuncia consta que, durante una visita a la vivienda del imputado en Gonz\u00e1lez Cat\u00e1n, partido de La Matanza, con quien la mujer ten\u00eda una hija en com\u00fan, la ni\u00f1a, de 10 a\u00f1os en ese momento, relat\u00f3 que el padrastro le toc\u00f3 sus partes \u00edntimas en presencia de sus hermanos. El hombre dej\u00f3 de abusarla s\u00f3lo despu\u00e9s de la intervenci\u00f3n de su hermana, quien escuch\u00f3 los gritos de la nena y acudi\u00f3 al lugar.<\/p>\n\n\n\n<p>Los abusos no se limitaban \u00fanicamente a ese episodio. La madre de la menor descubri\u00f3 que exist\u00edan antecedentes desde que la ni\u00f1a ten\u00eda 5 a\u00f1os, per\u00edodo en el que convivieron bajo el mismo techo, por lo que Jim\u00e9nez figuraba entonces como responsable legal.<\/p>\n\n\n\n<p>A ra\u00edz de estos hechos, la UFI N\u00b04 de La Matanza, a cargo del fiscal Gonzalo Agust\u00edn Tarrio Su\u00e1rez, y el Juzgado de Garant\u00edas N\u00b04, bajo la titularidad del juez Fernando Pinos Guevara, ordenaron la detenci\u00f3n nacional e internacional de Jim\u00e9nez.<\/p>\n\n\n\n<p>En el transcurso de la investigaci\u00f3n, se desplazaron grupos operativos que realizaron extensas tareas de campo y an\u00e1lisis del entorno social y familiar del pr\u00f3fugo. Finalmente, los equipos lograron establecer que Jim\u00e9nez se escond\u00eda en Ingeniero Budge y actuaron de manera sorpresiva en la v\u00eda p\u00fablica para evitar que escaparan.<\/p>\n\n\n\n<p>En el medio, los ex\u00e1menes practicados a la menor dieron cuenta del da\u00f1o que ocasion\u00f3 el padrastro. De acuerdo con las fuentes consultadas, durante la instrucci\u00f3n judicial, peritos del Cuerpo T\u00e9cnico Auxiliar del Fuero de Responsabilidad Penal Juvenil practicaron ex\u00e1menes psicol\u00f3gicos y f\u00edsicos a la menor.<\/p>\n\n\n\n<p>Un informe forense practicado el 20 de febrero de 2015 detect\u00f3 en la ni\u00f1a una comprensi\u00f3n sexual inusual para su edad, sobreadaptaci\u00f3n, apariencia pseudomadura, tristeza, desesperanza, trastorno alimentario, episodios de disociaci\u00f3n y depresi\u00f3n.<\/p>\n\n\n\n<p>Los expertos consideraron que la v\u00edctima estaba en condiciones de declarar bajo el r\u00e9gimen de la C\u00e1mara Gesell. Adem\u00e1s, los ex\u00e1menes m\u00e9dicos revelaron abuso sexual de larga data.<\/p>\n\n\n\n<p>El hombre fue imputado del delito de abuso sexual con acceso carnal agravado por ser el autor encargado de la guarda de la menor v\u00edctima y aprovechando la situaci\u00f3n de convivencia preexistente con la misma en concurso ideal con corrupci\u00f3n de menores agravado por ser la v\u00edctima una menor de 10 a\u00f1os y por ser el autor persona conviviente y encargada de la guarda de la misma.<\/p>\n","protected":false},"excerpt":{"rendered":"<p>Agentes de la Direcci\u00f3n de Investigaciones de Trata de Personas y Operaciones Complejas de la Polic\u00eda de la Provincia de Buenos Aires detuvieron en el barrio La Loma, en Lomas de Zamora, a Walter Daniel Jim\u00e9nez (52), un hombre que se mantuvo pr\u00f3fugo de la Justicia desde 2019 tras ser acusado de abusar sexualmente de [&hellip;]<\/p>\n","protected":false},"author":4,"featured_media":17859,"comment_status":"open","ping_status":"open","sticky":false,"template":"","format":"standard","meta":{"footnotes":""},"categories":[1],"tags":[28],"_links":{"self":[{"href":"https:\/\/enlamira.info\/index.php\/wp-json\/wp\/v2\/posts\/17857"}],"collection":[{"href":"https:\/\/enlamira.info\/index.php\/wp-json\/wp\/v2\/posts"}],"about":[{"href":"https:\/\/enlamira.info\/index.php\/wp-json\/wp\/v2\/types\/post"}],"author":[{"embeddable":true,"href":"https:\/\/enlamira.info\/index.php\/wp-json\/wp\/v2\/users\/4"}],"replies":[{"embeddable":true,"href":"https:\/\/enlamira.info\/index.php\/wp-json\/wp\/v2\/comments?post=17857"}],"version-history":[{"count":1,"href":"https:\/\/enlamira.info\/index.php\/wp-json\/wp\/v2\/posts\/17857\/revisions"}],"predecessor-version":[{"id":17858,"href":"https:\/\/enlamira.info\/index.php\/wp-json\/wp\/v2\/posts\/17857\/revisions\/17858"}],"wp:featuredmedia":[{"embeddable":true,"href":"https:\/\/enlamira.info\/index.php\/wp-json\/wp\/v2\/media\/17859"}],"wp:attachment":[{"href":"https:\/\/enlamira.info\/index.php\/wp-json\/wp\/v2\/media?parent=17857"}],"wp:term":[{"taxonomy":"category","embeddable":true,"href":"https:\/\/enlamira.info\/index.php\/wp-json\/wp\/v2\/categories?post=17857"},{"taxonomy":"post_tag","embeddable":true,"href":"https:\/\/enlamira.info\/index.php\/wp-json\/wp\/v2\/tags?post=17857"}],"curies":[{"name":"wp","href":"https:\/\/api.w.org\/{rel}","templated":true}]}}