{"id":1785,"date":"2024-03-23T15:31:01","date_gmt":"2024-03-23T18:31:01","guid":{"rendered":"https:\/\/enlamira.info\/?p=1785"},"modified":"2024-03-23T15:48:54","modified_gmt":"2024-03-23T18:48:54","slug":"a-horas-del-24-de-marzo-bullrich-pidio-rediscutir-los-delitos-cometidos-en-la-dictadura","status":"publish","type":"post","link":"https:\/\/enlamira.info\/index.php\/2024\/03\/23\/a-horas-del-24-de-marzo-bullrich-pidio-rediscutir-los-delitos-cometidos-en-la-dictadura\/","title":{"rendered":"A horas del 24 de marzo, Bullrich pidi\u00f3 rediscutir los delitos cometidos en la dictadura"},"content":{"rendered":"\n<p>Previo a los actos de homenaje convocados por las organizaciones de Derechos Humanos, la ministra de Seguridad acus\u00f3 al kirchnerismo y a los partidos de izquierda de haber \u201cdeformado la memoria\u201d.<\/p>\n\n\n\n<p>La ministra de Seguridad,\u00a0Patricia\u00a0Bullrich, asegur\u00f3 que hay militares que est\u00e1n \u201cinjustamente detenidos\u201d por su accionar durante la \u00faltima dictadura militar, a tan solo horas de cumplirse un nuevo aniversario del golpe de Estado del 24 de marzo de 1976.<\/p>\n\n\n\n<p>Bullrich\u00a0aludi\u00f3 a los cr\u00edmenes de lesa humanidad y dijo que lo que se discuti\u00f3 respecto del accionar militar durante la d\u00e9cada de 1970 \u201cfueron los m\u00e9todos, no la acci\u00f3n contra el terrorismo, que como dice ella (por Villarruel) fue una orden de un gobierno constitucional\u201d.<\/p>\n\n\n\n<p>Este jueves, en su primera entrevista en el rol de vicepresidenta,\u00a0Victoria Villarruel,\u00a0marc\u00f3\u00a0 sus diferencias con el Gobierno en cuanto al rol de las fuerzas armadas.\u00a0El ministro de Defensa,\u00a0Luis Petri, y luego la ministra de Seguridad,\u00a0Patricia\u00a0Bullrich, le respondieron.<\/p>\n\n\n\n<p>Este jueves por la noche,\u00a0Villarruel\u00a0sostuvo: \u201cNo estoy de acuerdo, lo dije en campa\u00f1a y lo sigo sosteniendo.\u00a0La funci\u00f3n de las Fuerzas Armadas no es combatir a civiles, creo hab\u00eda quedado claro con el tema de los 70. El narco es un civil para el derecho. En los 70 se combati\u00f3 al terrorismo, \u00bfd\u00f3nde est\u00e1n los que lo combatieron? Presos\u201d.<\/p>\n\n\n\n<p>Ante la frase de la vicepresidenta,\u00a0Patricia\u00a0Bullrich, manifest\u00f3 que\u00a0\u201ces otro contexto\u201d. \u201cLo que plantea Villarruel, yo lo veo, respecto de la cantidad de detenidos, que no son solo de las Fuerzas Armadas, sino tambi\u00e9n de las fuerzas de seguridad, que estaban parados en la puerta de una comisar\u00eda, los que yo conozco, o parados en un destacamento de Gendarmer\u00eda, sin ning\u00fan tipo de acci\u00f3n\u201d, sostuvo.<\/p>\n\n\n\n<p>Adem\u00e1s,\u00a0Bullrich\u00a0llam\u00f3 a discutir nuevamente la situaci\u00f3n de muchos militares que est\u00e1n detenidos en el marco de los delitos cometidos por la dictadura.<\/p>\n\n\n\n<p>\u201cLos tienen hace 15 a\u00f1os sin causa, eso en un Estado de Derecho no puede pasar, esas personas no pueden seguir presas. Y se sac\u00f3 el beneficio de los 70 a\u00f1os. Eso es absolutamente para discutirlo y sobre todo en aquellas personas que no tuvieron acci\u00f3n directa y est\u00e1n sin causas. Los jueces tienen que ordenar eso y realmente animarse a estar en el marco de lo que las leyes y los convenios internacionales marcan en Argentina. Eso lo defiendo. Una persona que ha perdido esa situaci\u00f3n, enfermos, detenidos\u2026 ya se ha convertido en una venganza\u201d, agreg\u00f3.<\/p>\n\n\n\n<p>En esa l\u00ednea,&nbsp;<strong>Bullrich<\/strong>&nbsp;acus\u00f3 al kirchnerismo y a la izquierda de haber convertido la bandera de los derechos humanos en \u201cuna daga ideol\u00f3gica\u201d. \u201cLos derechos humanos se deformaron. Terminaron siendo algo total y absolutamente partidista\u201d, sostuvo.<\/p>\n\n\n\n<p>\u201cTodos estamos en contra de que la Argentina est\u00e9 fuera del orden constitucional y tenga golpes de Estado. Las Fuerzas Armadas tambi\u00e9n. La Argentina ya va m\u00e1s de 40 a\u00f1os de democracia. Antes, todos los sectores pod\u00edan participar de una recordaci\u00f3n del 24 de marzo. \u00bfQui\u00e9n puede participar ahora? Nada m\u00e1s que ellos\u201d, concluy\u00f3.<\/p>\n","protected":false},"excerpt":{"rendered":"<p>Previo a los actos de homenaje convocados por las organizaciones de Derechos Humanos, la ministra de Seguridad acus\u00f3 al kirchnerismo y a los partidos de izquierda de haber \u201cdeformado la memoria\u201d. La ministra de Seguridad,\u00a0Patricia\u00a0Bullrich, asegur\u00f3 que hay militares que est\u00e1n \u201cinjustamente detenidos\u201d por su accionar durante la \u00faltima dictadura militar, a tan solo horas [&hellip;]<\/p>\n","protected":false},"author":2,"featured_media":1787,"comment_status":"open","ping_status":"open","sticky":false,"template":"","format":"standard","meta":{"footnotes":""},"categories":[20],"tags":[],"_links":{"self":[{"href":"https:\/\/enlamira.info\/index.php\/wp-json\/wp\/v2\/posts\/1785"}],"collection":[{"href":"https:\/\/enlamira.info\/index.php\/wp-json\/wp\/v2\/posts"}],"about":[{"href":"https:\/\/enlamira.info\/index.php\/wp-json\/wp\/v2\/types\/post"}],"author":[{"embeddable":true,"href":"https:\/\/enlamira.info\/index.php\/wp-json\/wp\/v2\/users\/2"}],"replies":[{"embeddable":true,"href":"https:\/\/enlamira.info\/index.php\/wp-json\/wp\/v2\/comments?post=1785"}],"version-history":[{"count":2,"href":"https:\/\/enlamira.info\/index.php\/wp-json\/wp\/v2\/posts\/1785\/revisions"}],"predecessor-version":[{"id":1789,"href":"https:\/\/enlamira.info\/index.php\/wp-json\/wp\/v2\/posts\/1785\/revisions\/1789"}],"wp:featuredmedia":[{"embeddable":true,"href":"https:\/\/enlamira.info\/index.php\/wp-json\/wp\/v2\/media\/1787"}],"wp:attachment":[{"href":"https:\/\/enlamira.info\/index.php\/wp-json\/wp\/v2\/media?parent=1785"}],"wp:term":[{"taxonomy":"category","embeddable":true,"href":"https:\/\/enlamira.info\/index.php\/wp-json\/wp\/v2\/categories?post=1785"},{"taxonomy":"post_tag","embeddable":true,"href":"https:\/\/enlamira.info\/index.php\/wp-json\/wp\/v2\/tags?post=1785"}],"curies":[{"name":"wp","href":"https:\/\/api.w.org\/{rel}","templated":true}]}}