{"id":17750,"date":"2025-07-16T12:05:25","date_gmt":"2025-07-16T15:05:25","guid":{"rendered":"https:\/\/enlamira.info\/?p=17750"},"modified":"2025-07-16T12:05:25","modified_gmt":"2025-07-16T15:05:25","slug":"inauguracion-del-nuevo-polo-educativo-de-alejandro-korn-con-kicillof-y-mantegazza","status":"publish","type":"post","link":"https:\/\/enlamira.info\/index.php\/2025\/07\/16\/inauguracion-del-nuevo-polo-educativo-de-alejandro-korn-con-kicillof-y-mantegazza\/","title":{"rendered":"Inauguraci\u00f3n del nuevo polo educativo de Alejandro Korn con Kicillof y Mantegazza"},"content":{"rendered":"\n<p>En la ma\u00f1ana de ayer, el gobernador de la Provincia de Buenos Aires, Axel Kicillof, y el intendente de San Vicente, Nicol\u00e1s Mantegazza, inauguraron el Polo Educativo \u201cSan Jos\u00e9\u201d en la localidad de Alejandro Korn, el cual est\u00e1 integrado por la Escuela Secundaria N\u00b014, el Jard\u00edn de Infantes N\u00b0919 y la Escuela Primaria N\u00b033. Adem\u00e1s, se entregaron 17 patrulleros y ocho motos para la Polic\u00eda en el distrito.<\/p>\n\n\n\n<p>En ese marco, el gobernador se refiri\u00f3 al crecimiento de la poblaci\u00f3n en el distrito de San Vicente en los \u00faltimos a\u00f1os, lo que hizo necesaria la ampliaci\u00f3n de la oferta educativa: \u201cUna vez que se localiza la poblaci\u00f3n ac\u00e1, empezamos a ver que falta de todo. Escuelas, centros de salud, luminaria, comisar\u00edas, todo. El Estado debe tener en cuenta esas necesidades y demandas. Si hay escuela o no hay escuela, para los chicos es una vida distinta\u201d.<\/p>\n\n\n\n<p>Y continu\u00f3: \u201cSon hechos, realidad, inversiones. Y, para que lo entienda bien este Gobierno, esto es Estado presente. Eso es sensibilidad por el que no tiene, comprensi\u00f3n por el que lo necesita. Esto pas\u00f3 no por las fuerzas del cielo ni por la mano invisible del mercado, para que esto pasara tuvo que haber una comunidad que luch\u00f3 por esto y un Estado que escuch\u00f3 y despu\u00e9s hizo\u201d.<\/p>\n\n\n\n<p>Por su parte, el intendente sostuvo: \u201cEsto tiene que ver con que una de las prioridades para el Gobernador es la inversi\u00f3n en educaci\u00f3n. Hoy vamos a estar inaugurando tres escuelas, por lo cual San Vicente llega a sus 25 nuevos edificios educativos durante esta gesti\u00f3n\u201d.<\/p>\n\n\n\n<p>\u201cAntes las familias ten\u00edan que ir a Domselaar, si es que consegu\u00edan vacante, o intentar conseguir en una escuela de Alejandro Korn. Las familias nos contaban con tristeza que ten\u00edan que elegir cu\u00e1ndo mandaban a uno y cu\u00e1ndo mandaban a otro\u201d, destac\u00f3. Y a\u00f1adi\u00f3: \u201cHoy San Jos\u00e9 tiene el centro de salud que inaugur\u00f3 Axel hace poco, tiene el jard\u00edn, tiene la primaria y tiene la secundaria\u201d.<\/p>\n\n\n\n<p>Posteriormente, las autoridades firmaron un convenio, a trav\u00e9s de Desarrollo de la Comunidad, para la construcci\u00f3n de un play\u00f3n deportivo triple en el centro de Alejandro Korn.<\/p>\n\n\n\n<p>Adem\u00e1s, ya al mediod\u00eda, entregaron 13 patrulleros, ocho motos y un m\u00f3vil para el Grupo de Apoyo Departamental (GAD). Cabe destacar que, al sumar estas unidades, se alcanzan los 64 veh\u00edculos policiales entregados al municipio desde el inicio de la gesti\u00f3n de Kicillof. En esa l\u00ednea, el Municipio tambi\u00e9n present\u00f3 5 camionetas y 4 motos adquiridas con fondos propios.<\/p>\n\n\n\n<p>Tambi\u00e9n estuvo presente Romina Barrios, directora Ejecutiva del Organismo Provincial de Integraci\u00f3n Social y Urbana (OPISU), acompa\u00f1ando al Gobernador y al jefe local en la inauguraci\u00f3n del Polo Educativo.<\/p>\n","protected":false},"excerpt":{"rendered":"<p>En la ma\u00f1ana de ayer, el gobernador de la Provincia de Buenos Aires, Axel Kicillof, y el intendente de San Vicente, Nicol\u00e1s Mantegazza, inauguraron el Polo Educativo \u201cSan Jos\u00e9\u201d en la localidad de Alejandro Korn, el cual est\u00e1 integrado por la Escuela Secundaria N\u00b014, el Jard\u00edn de Infantes N\u00b0919 y la Escuela Primaria N\u00b033. Adem\u00e1s, [&hellip;]<\/p>\n","protected":false},"author":4,"featured_media":17753,"comment_status":"open","ping_status":"open","sticky":false,"template":"","format":"standard","meta":{"footnotes":""},"categories":[1],"tags":[28,1934],"_links":{"self":[{"href":"https:\/\/enlamira.info\/index.php\/wp-json\/wp\/v2\/posts\/17750"}],"collection":[{"href":"https:\/\/enlamira.info\/index.php\/wp-json\/wp\/v2\/posts"}],"about":[{"href":"https:\/\/enlamira.info\/index.php\/wp-json\/wp\/v2\/types\/post"}],"author":[{"embeddable":true,"href":"https:\/\/enlamira.info\/index.php\/wp-json\/wp\/v2\/users\/4"}],"replies":[{"embeddable":true,"href":"https:\/\/enlamira.info\/index.php\/wp-json\/wp\/v2\/comments?post=17750"}],"version-history":[{"count":2,"href":"https:\/\/enlamira.info\/index.php\/wp-json\/wp\/v2\/posts\/17750\/revisions"}],"predecessor-version":[{"id":17756,"href":"https:\/\/enlamira.info\/index.php\/wp-json\/wp\/v2\/posts\/17750\/revisions\/17756"}],"wp:featuredmedia":[{"embeddable":true,"href":"https:\/\/enlamira.info\/index.php\/wp-json\/wp\/v2\/media\/17753"}],"wp:attachment":[{"href":"https:\/\/enlamira.info\/index.php\/wp-json\/wp\/v2\/media?parent=17750"}],"wp:term":[{"taxonomy":"category","embeddable":true,"href":"https:\/\/enlamira.info\/index.php\/wp-json\/wp\/v2\/categories?post=17750"},{"taxonomy":"post_tag","embeddable":true,"href":"https:\/\/enlamira.info\/index.php\/wp-json\/wp\/v2\/tags?post=17750"}],"curies":[{"name":"wp","href":"https:\/\/api.w.org\/{rel}","templated":true}]}}