{"id":17732,"date":"2025-07-15T13:17:46","date_gmt":"2025-07-15T16:17:46","guid":{"rendered":"https:\/\/enlamira.info\/?p=17732"},"modified":"2025-07-15T13:17:46","modified_gmt":"2025-07-15T16:17:46","slug":"un-ano-sin-bastian-del-crimen-a-la-exigencia-comunitaria-de-justicia-y-seguridad","status":"publish","type":"post","link":"https:\/\/enlamira.info\/index.php\/2025\/07\/15\/un-ano-sin-bastian-del-crimen-a-la-exigencia-comunitaria-de-justicia-y-seguridad\/","title":{"rendered":"Un a\u00f1o sin Bastian: del crimen a la exigencia comunitaria de justicia y seguridad"},"content":{"rendered":"\n<p><em>En el Barrio de La Carne, el recuerdo del asesinato de Bastian sigue vivo, pero tambi\u00e9n el temor diario. A un a\u00f1o del hecho que conmovi\u00f3 a Wilde, la comunidad insiste: el dolor persiste y la inseguridad no cesa, aunque algunos reconocen cambios puntuales en la presencia policial.<\/em><\/p>\n\n\n\n<p>A trav\u00e9s del programa <em>La Voz del Vecino<\/em>, los testimonios volvieron a tomar fuerza. El espacio conducido por el periodista local Marcelo Brunwald mantuvo el seguimiento de este caso con sensibilidad y firmeza, en contraste con la cobertura espor\u00e1dica de los medios nacionales. Fue en este ciclo donde se compartieron los mensajes que dibujan el mapa emocional y social del barrio.<\/p>\n\n\n\n<h3 class=\"wp-block-heading\">Una herida que no cierra<\/h3>\n\n\n\n<p>El 11 de julio de 2024, Bastian Escalante Montoya, de solo 10 a\u00f1os, muri\u00f3 por dos disparos efectuados por un oficial de civil que intentaba frustrar un asalto. El ni\u00f1o volv\u00eda en bicicleta del club junto a su madre. Los presuntos ladrones no estaban armados. El juicio por jurado al polic\u00eda acusado comenzar\u00e1 en septiembre.<\/p>\n\n\n\n<p>La madre de Bastian expres\u00f3: \u201cHoy ya no vivimos. Sobrevivimos el d\u00eda a d\u00eda. Nos quitaron lo m\u00e1s preciado.\u201d Y en el barrio, el eco de esa tragedia sigue latente.<\/p>\n\n\n\n<h3 class=\"wp-block-heading\">Las voces del barrio<\/h3>\n\n\n\n<p>Lo que se escucha en La Carne no es una \u00fanica versi\u00f3n de los hechos, sino una constelaci\u00f3n de experiencias cotidianas:<\/p>\n\n\n\n<ul>\n<li>Una vecina denunci\u00f3 que la inseguridad contin\u00faa como antes. \u201cNo podemos caminar tranquilos ni ir al almac\u00e9n sin miedo. A veces los patrulleros descansan en una esquina, sin hacer rondas. Vivimos encerrados.\u201d<\/li>\n\n\n\n<li>Otro vecino apunt\u00f3 que \u201cdesde que mataron a Bastian hay un patrullero estacionado frente a la sociedad de fomento. Pero ya lo mataron. Ese m\u00f3vil no devuelve a un hijo.\u201d<\/li>\n\n\n\n<li>Tambi\u00e9n se oyeron voces que reconocen algunos cambios: \u201cTres meses despu\u00e9s del crimen aparecieron grupos de polic\u00edas motorizados, de a cuatro. Eso s\u00ed baj\u00f3 los robos. Por primera vez en mucho tiempo se not\u00f3 una diferencia.\u201d<\/li>\n\n\n\n<li>Sin embargo, otros insisten en que los robos siguen, y que los motochorros no desaparecieron. \u201cDoblar en una esquina es jugar a que te saquen todo. Salimos sin celular o mirando para atr\u00e1s.\u201d<\/li>\n<\/ul>\n\n\n\n<p>Este contrapunto muestra un barrio dividido entre el escepticismo y el alivio parcial, pero unido por la memoria de Bastian y el deseo de justicia.<\/p>\n\n\n\n<h3 class=\"wp-block-heading\">Medios locales: donde la mirada permanece<\/h3>\n\n\n\n<p>Mientras los medios nacionales cubrieron el caso en su inicio y luego se retiraron, los medios locales como el que integra Marcelo sostuvieron el relato y la denuncia. La cobertura no fue solo una tarea informativa, sino tambi\u00e9n comunitaria. Fue all\u00ed donde se leyeron los mensajes de WhatsApp, donde se convocaron las marchas, donde se dio voz a lo que a\u00fan no se ha resuelto.<\/p>\n","protected":false},"excerpt":{"rendered":"<p>En el Barrio de La Carne, el recuerdo del asesinato de Bastian sigue vivo, pero tambi\u00e9n el temor diario. A un a\u00f1o del hecho que conmovi\u00f3 a Wilde, la comunidad insiste: el dolor persiste y la inseguridad no cesa, aunque algunos reconocen cambios puntuales en la presencia policial. A trav\u00e9s del programa La Voz del [&hellip;]<\/p>\n","protected":false},"author":4,"featured_media":17735,"comment_status":"open","ping_status":"open","sticky":false,"template":"","format":"standard","meta":{"footnotes":""},"categories":[1,126,32,5],"tags":[1933,1932,570],"_links":{"self":[{"href":"https:\/\/enlamira.info\/index.php\/wp-json\/wp\/v2\/posts\/17732"}],"collection":[{"href":"https:\/\/enlamira.info\/index.php\/wp-json\/wp\/v2\/posts"}],"about":[{"href":"https:\/\/enlamira.info\/index.php\/wp-json\/wp\/v2\/types\/post"}],"author":[{"embeddable":true,"href":"https:\/\/enlamira.info\/index.php\/wp-json\/wp\/v2\/users\/4"}],"replies":[{"embeddable":true,"href":"https:\/\/enlamira.info\/index.php\/wp-json\/wp\/v2\/comments?post=17732"}],"version-history":[{"count":1,"href":"https:\/\/enlamira.info\/index.php\/wp-json\/wp\/v2\/posts\/17732\/revisions"}],"predecessor-version":[{"id":17736,"href":"https:\/\/enlamira.info\/index.php\/wp-json\/wp\/v2\/posts\/17732\/revisions\/17736"}],"wp:featuredmedia":[{"embeddable":true,"href":"https:\/\/enlamira.info\/index.php\/wp-json\/wp\/v2\/media\/17735"}],"wp:attachment":[{"href":"https:\/\/enlamira.info\/index.php\/wp-json\/wp\/v2\/media?parent=17732"}],"wp:term":[{"taxonomy":"category","embeddable":true,"href":"https:\/\/enlamira.info\/index.php\/wp-json\/wp\/v2\/categories?post=17732"},{"taxonomy":"post_tag","embeddable":true,"href":"https:\/\/enlamira.info\/index.php\/wp-json\/wp\/v2\/tags?post=17732"}],"curies":[{"name":"wp","href":"https:\/\/api.w.org\/{rel}","templated":true}]}}