{"id":17688,"date":"2025-07-13T19:52:05","date_gmt":"2025-07-13T22:52:05","guid":{"rendered":"https:\/\/enlamira.info\/?p=17688"},"modified":"2025-07-13T19:52:05","modified_gmt":"2025-07-13T22:52:05","slug":"emmanuel-santalla-metieron-presa-a-cristina-para-condenar-a-la-miseria-a-los-argentinos","status":"publish","type":"post","link":"https:\/\/enlamira.info\/index.php\/2025\/07\/13\/emmanuel-santalla-metieron-presa-a-cristina-para-condenar-a-la-miseria-a-los-argentinos\/","title":{"rendered":"Emmanuel Santalla: &#8220;Metieron presa a Cristina para condenar a la miseria a los argentinos&#8221;"},"content":{"rendered":"\n<p>Con una plaza colmada, el Anfiteatro de Jaramillo fue escenario del Festival Cristina Libre, una jornada cargada de m\u00fasica, militancia y compromiso pol\u00edtico en defensa de los valores populares, la democracia y la libertad de Cristina Fern\u00e1ndez de Kirchner.<\/p>\n\n\n\n<p>Vecinos, vecinas, artistas y espacios culturales de toda Avellaneda se dieron cita para compartir una tarde de encuentro, identidad y organizaci\u00f3n frente al avance del ajuste y la persecuci\u00f3n pol\u00edtica.<\/p>\n\n\n\n<p>El cierre estuvo a cargo del senador provincial Emmanuel Gonz\u00e1lez Santalla, quien destac\u00f3 el rol de la militancia en este contexto: \u201cQuiero agradecer a los militantes que vienen haciendo un esfuerzo tremendo, no solo para acompa\u00f1ar a Cristina, sino para estar donde m\u00e1s se necesita: en los comedores, en los clubes, en los centros de jubilados\u201d.<\/p>\n\n\n\n<p>Tambi\u00e9n se refiri\u00f3 a la situaci\u00f3n de la ex presidenta y a la necesidad de defender su liderazgo pol\u00edtico: \u201cCristina est\u00e1 firme, est\u00e1 con fuerza para ir para adelante. Conduce nuestro espacio pol\u00edtico y nosotros seguimos al lado de ella, con la coherencia pol\u00edtica que no todos tienen\u201d.<\/p>\n\n\n\n<p>Y fue contundente al se\u00f1alar a los responsables del intento de proscripci\u00f3n y del ajuste: \u201cLa que est\u00e1 presa es Cristina, pero los que est\u00e1n condenados en la Argentina por Magnetto, por Macri, por Milei y por el Fondo Monetario Internacional son nuestros jubilados, nuestros laburantes y nuestras familias.\u201d<\/p>\n\n\n\n<p>El acto cont\u00f3 con la participaci\u00f3n de la cantora popular Teresa Parodi, quien subi\u00f3 al escenario en un cierre cargado de emoci\u00f3n y memoria colectiva. &#8220;Su voz volvi\u00f3 a representar a un pueblo que no se resigna, que canta y resiste&#8221;, concluy\u00f3 Santalla.<\/p>\n","protected":false},"excerpt":{"rendered":"<p>Con una plaza colmada, el Anfiteatro de Jaramillo fue escenario del Festival Cristina Libre, una jornada cargada de m\u00fasica, militancia y compromiso pol\u00edtico en defensa de los valores populares, la democracia y la libertad de Cristina Fern\u00e1ndez de Kirchner. Vecinos, vecinas, artistas y espacios culturales de toda Avellaneda se dieron cita para compartir una tarde [&hellip;]<\/p>\n","protected":false},"author":4,"featured_media":17693,"comment_status":"open","ping_status":"open","sticky":false,"template":"","format":"standard","meta":{"footnotes":""},"categories":[1],"tags":[],"_links":{"self":[{"href":"https:\/\/enlamira.info\/index.php\/wp-json\/wp\/v2\/posts\/17688"}],"collection":[{"href":"https:\/\/enlamira.info\/index.php\/wp-json\/wp\/v2\/posts"}],"about":[{"href":"https:\/\/enlamira.info\/index.php\/wp-json\/wp\/v2\/types\/post"}],"author":[{"embeddable":true,"href":"https:\/\/enlamira.info\/index.php\/wp-json\/wp\/v2\/users\/4"}],"replies":[{"embeddable":true,"href":"https:\/\/enlamira.info\/index.php\/wp-json\/wp\/v2\/comments?post=17688"}],"version-history":[{"count":1,"href":"https:\/\/enlamira.info\/index.php\/wp-json\/wp\/v2\/posts\/17688\/revisions"}],"predecessor-version":[{"id":17694,"href":"https:\/\/enlamira.info\/index.php\/wp-json\/wp\/v2\/posts\/17688\/revisions\/17694"}],"wp:featuredmedia":[{"embeddable":true,"href":"https:\/\/enlamira.info\/index.php\/wp-json\/wp\/v2\/media\/17693"}],"wp:attachment":[{"href":"https:\/\/enlamira.info\/index.php\/wp-json\/wp\/v2\/media?parent=17688"}],"wp:term":[{"taxonomy":"category","embeddable":true,"href":"https:\/\/enlamira.info\/index.php\/wp-json\/wp\/v2\/categories?post=17688"},{"taxonomy":"post_tag","embeddable":true,"href":"https:\/\/enlamira.info\/index.php\/wp-json\/wp\/v2\/tags?post=17688"}],"curies":[{"name":"wp","href":"https:\/\/api.w.org\/{rel}","templated":true}]}}