{"id":17687,"date":"2025-07-13T19:49:15","date_gmt":"2025-07-13T22:49:15","guid":{"rendered":"https:\/\/enlamira.info\/?p=17687"},"modified":"2025-07-13T19:49:15","modified_gmt":"2025-07-13T22:49:15","slug":"mayra-mendoza-reclamo-la-libertad-de-la-concejala-quilmena-y-apunto-contra-el-gobierno-nacional","status":"publish","type":"post","link":"https:\/\/enlamira.info\/index.php\/2025\/07\/13\/mayra-mendoza-reclamo-la-libertad-de-la-concejala-quilmena-y-apunto-contra-el-gobierno-nacional\/","title":{"rendered":"Mayra Mendoza reclam\u00f3 la libertad de la concejala quilme\u00f1a y apunt\u00f3 contra el Gobierno Nacional"},"content":{"rendered":"\n<p>La intendenta de Quilmes carg\u00f3 adem\u00e1s contra la jueza federal Sandra Arroyo Salgado. &#8220;Otro domingo y ya van 11 d\u00edas de prisi\u00f3n ilegal&#8221;, critic\u00f3.<\/p>\n\n\n\n<p>La intendenta de Quilmes, Mayra Mendoza, reclam\u00f3 por la liberaci\u00f3n de la concejala de La C\u00e1mpora Eva Mieri, detenida por el ataque al frente de la casa del diputado libertario Jos\u00e9 Luis Espert, y apunt\u00f3 contra la justicia y el Gobierno Nacional.<\/p>\n\n\n\n<p>&#8220;Otro domingo y ya van 11 d\u00edas de prisi\u00f3n ilegal de nuestra Eva Mieri&#8221;, remarc\u00f3 a trav\u00e9s de su cuenta de X, y se pregunt\u00f3: &#8220;\u00bfAlguien en Comodoro Py que se ponga a investigar esta punta? \u00bfNo, verdad? Porque no hay ning\u00fan peronista en el medio&#8221;.<\/p>\n\n\n\n<p>En la misma l\u00ednea, asever\u00f3: &#8220;Si no, ya habr\u00edan dictado alguna preventiva, como hizo Arroyo Salgado con Eva y ejecut\u00f3 Patricia Bullrich con m\u00e9todos propios de la \u00faltima dictadura&#8221;.<\/p>\n\n\n\n<p>Asimismo, la referente de La C\u00e1mpora cuestion\u00f3 la interna que atraviesa a La Libertad Avanza al remarcar el enfrentamiento entre la Casa Rosada con la titular del Senado, Victoria Villarruel. &#8220;Mientras tanto, Javier Milei y Karina Milei andan en una pelea pat\u00e9tica de programa de chimentos contra la vicepresidenta procesista, Victoria Villaruel, con la econom\u00eda prendida fuego, la gente pasando hambre y perdiendo su trabajo y la democracia, decayendo en su calidad por un gobierno violento y autoritario&#8221;, precis\u00f3.<\/p>\n\n\n\n<p>&#8220;LIBEREN A EVA, GORILAS HAMBREADORES Y PAPELONEROS&#8221;, concluy\u00f3 el mensaje en redes.<\/p>\n\n\n\n<p>El pasado 2 de julio, la Polic\u00eda Federal Argentina detuvo a Mieri y a otras tres personas (Iv\u00e1n D\u00edaz Bianchi, Aldana Sabrina Muzzio y Candelaria Montes) por orden de la jueza federal de San Isidro, Sandra Arroyo Salgado, vinculados con el escrache al frente del domicilio de Espert. En el marco de la causa, la funcionaria del Ministerio de las Mujeres de la provincia de Buenos Aires, Alesia Abaigar, tambi\u00e9n fue arrestada.<\/p>\n\n\n\n<p>La jueza Arroyo salgado dispuso una cauci\u00f3n de 30 millones de pesos antes de concretar la orden de excarcelar a la funcionaria y orden\u00f3 tambi\u00e9n la liberaci\u00f3n de Bianchi, Muzzio y Montes. Sin embargo, la concejala permanece detenida luego de que la magistrada la acusara de atentar contra el orden p\u00fablico en concurso real con amenazas coactivas agravadas e incitaci\u00f3n a la persecuci\u00f3n u odio contra una persona a causa de sus ideas pol\u00edticas, a trav\u00e9s de la malversaci\u00f3n de caudales p\u00fablicos y alteraci\u00f3n de la numeraci\u00f3n de un objeto registrado de acuerdo con la ley.<\/p>\n\n\n\n<p>La justicia le cuestiona a Mieri de haberse trasladado con una camioneta del municipio que lidera Mayra Mendoza, y de haber tapado parte de la chapa patente para evitar su identificaci\u00f3n.<\/p>\n","protected":false},"excerpt":{"rendered":"<p>La intendenta de Quilmes carg\u00f3 adem\u00e1s contra la jueza federal Sandra Arroyo Salgado. &#8220;Otro domingo y ya van 11 d\u00edas de prisi\u00f3n ilegal&#8221;, critic\u00f3. La intendenta de Quilmes, Mayra Mendoza, reclam\u00f3 por la liberaci\u00f3n de la concejala de La C\u00e1mpora Eva Mieri, detenida por el ataque al frente de la casa del diputado libertario Jos\u00e9 [&hellip;]<\/p>\n","protected":false},"author":4,"featured_media":17692,"comment_status":"open","ping_status":"open","sticky":false,"template":"","format":"standard","meta":{"footnotes":""},"categories":[1],"tags":[],"_links":{"self":[{"href":"https:\/\/enlamira.info\/index.php\/wp-json\/wp\/v2\/posts\/17687"}],"collection":[{"href":"https:\/\/enlamira.info\/index.php\/wp-json\/wp\/v2\/posts"}],"about":[{"href":"https:\/\/enlamira.info\/index.php\/wp-json\/wp\/v2\/types\/post"}],"author":[{"embeddable":true,"href":"https:\/\/enlamira.info\/index.php\/wp-json\/wp\/v2\/users\/4"}],"replies":[{"embeddable":true,"href":"https:\/\/enlamira.info\/index.php\/wp-json\/wp\/v2\/comments?post=17687"}],"version-history":[{"count":1,"href":"https:\/\/enlamira.info\/index.php\/wp-json\/wp\/v2\/posts\/17687\/revisions"}],"predecessor-version":[{"id":17691,"href":"https:\/\/enlamira.info\/index.php\/wp-json\/wp\/v2\/posts\/17687\/revisions\/17691"}],"wp:featuredmedia":[{"embeddable":true,"href":"https:\/\/enlamira.info\/index.php\/wp-json\/wp\/v2\/media\/17692"}],"wp:attachment":[{"href":"https:\/\/enlamira.info\/index.php\/wp-json\/wp\/v2\/media?parent=17687"}],"wp:term":[{"taxonomy":"category","embeddable":true,"href":"https:\/\/enlamira.info\/index.php\/wp-json\/wp\/v2\/categories?post=17687"},{"taxonomy":"post_tag","embeddable":true,"href":"https:\/\/enlamira.info\/index.php\/wp-json\/wp\/v2\/tags?post=17687"}],"curies":[{"name":"wp","href":"https:\/\/api.w.org\/{rel}","templated":true}]}}