{"id":17669,"date":"2025-07-11T13:22:44","date_gmt":"2025-07-11T16:22:44","guid":{"rendered":"https:\/\/enlamira.info\/?p=17669"},"modified":"2025-07-11T13:22:44","modified_gmt":"2025-07-11T16:22:44","slug":"gracias-a-la-voz-del-vecino-juan-carlos-logro-que-le-cortaran-el-arbol-tras-casi-dos-anos-de-reclamos","status":"publish","type":"post","link":"https:\/\/enlamira.info\/index.php\/2025\/07\/11\/gracias-a-la-voz-del-vecino-juan-carlos-logro-que-le-cortaran-el-arbol-tras-casi-dos-anos-de-reclamos\/","title":{"rendered":"Gracias a \u201cLa Voz del Vecino\u201d, Juan Carlos logr\u00f3 que le cortaran el \u00e1rbol tras casi dos a\u00f1os de reclamos"},"content":{"rendered":"\n<p>Luego de m\u00e1s de 20 meses de gestiones fallidas, expedientes ignorados y llamados sin respuestas, el vecino <strong>Juan Carlos<\/strong>, de <strong>General Arredondo al 6700 en Wilde (Avellaneda)<\/strong>, finalmente vio c\u00f3mo el municipio realizaba la poda del \u00e1rbol que durante a\u00f1os puso en riesgo su hogar y la seguridad de quienes transitaban por la vereda.<\/p>\n\n\n\n<figure class=\"wp-block-image size-large\"><img loading=\"lazy\" decoding=\"async\" width=\"768\" height=\"1024\" src=\"https:\/\/enlamira.info\/wp-content\/uploads\/2025\/07\/0ffca8f8-ea4a-4425-bb61-b6fd2a906e8b-768x1024.jpg\" alt=\"\" class=\"wp-image-17670\" srcset=\"https:\/\/enlamira.info\/wp-content\/uploads\/2025\/07\/0ffca8f8-ea4a-4425-bb61-b6fd2a906e8b-768x1024.jpg 768w, https:\/\/enlamira.info\/wp-content\/uploads\/2025\/07\/0ffca8f8-ea4a-4425-bb61-b6fd2a906e8b-225x300.jpg 225w, https:\/\/enlamira.info\/wp-content\/uploads\/2025\/07\/0ffca8f8-ea4a-4425-bb61-b6fd2a906e8b-1152x1536.jpg 1152w, https:\/\/enlamira.info\/wp-content\/uploads\/2025\/07\/0ffca8f8-ea4a-4425-bb61-b6fd2a906e8b-1536x2048.jpg 1536w, https:\/\/enlamira.info\/wp-content\/uploads\/2025\/07\/0ffca8f8-ea4a-4425-bb61-b6fd2a906e8b-scaled.jpg 1920w\" sizes=\"(max-width: 768px) 100vw, 768px\" \/><\/figure>\n\n\n\n<p>El problema era evidente: el \u00e1rbol hab\u00eda crecido hasta tocar los <strong>cables de alta tensi\u00f3n<\/strong>, generando peligro el\u00e9ctrico y temor constante entre los vecinos. A pesar de haber iniciado su reclamo en <strong>mayo de 2024<\/strong> \u2014expediente N\u00ba589417\u2014 y haber adjuntado fotos y documentaci\u00f3n oficial, su pedido fue postergado una y otra vez. Incluso lleg\u00f3 a recibir la exigencia de abonar <strong>$40.000<\/strong> para resolver la poda, a pesar de tratarse de un riesgo en la v\u00eda p\u00fablica.<\/p>\n\n\n\n<figure class=\"wp-block-image size-large\"><img loading=\"lazy\" decoding=\"async\" width=\"1024\" height=\"768\" src=\"https:\/\/enlamira.info\/wp-content\/uploads\/2025\/07\/60c7f210-3b17-42ae-a102-f589744658f6-1024x768.jpg\" alt=\"\" class=\"wp-image-17671\" srcset=\"https:\/\/enlamira.info\/wp-content\/uploads\/2025\/07\/60c7f210-3b17-42ae-a102-f589744658f6-1024x768.jpg 1024w, https:\/\/enlamira.info\/wp-content\/uploads\/2025\/07\/60c7f210-3b17-42ae-a102-f589744658f6-300x225.jpg 300w, https:\/\/enlamira.info\/wp-content\/uploads\/2025\/07\/60c7f210-3b17-42ae-a102-f589744658f6-768x576.jpg 768w, https:\/\/enlamira.info\/wp-content\/uploads\/2025\/07\/60c7f210-3b17-42ae-a102-f589744658f6-1536x1152.jpg 1536w, https:\/\/enlamira.info\/wp-content\/uploads\/2025\/07\/60c7f210-3b17-42ae-a102-f589744658f6-2048x1536.jpg 2048w\" sizes=\"(max-width: 1024px) 100vw, 1024px\" \/><\/figure>\n\n\n\n<p>Sin obtener respuesta, Juan Carlos decidi\u00f3 recurrir al programa radial <em>La Voz del Vecino<\/em>, conducido por el periodista <strong>Marcelo Brunwald<\/strong>, espacio reconocido por amplificar reclamos barriales. \u201cYo ped\u00ed por todos los medios, y nadie respond\u00eda. Me atendieron con indiferencia\u201d, expres\u00f3 el vecino en vivo, visiblemente frustrado por el tiempo perdido.<\/p>\n\n\n\n<p>Sorprendentemente, <strong>al d\u00eda siguiente de su testimonio<\/strong>, a las 17:30 horas, una cuadrilla municipal lleg\u00f3 al lugar sin previo aviso. En cuesti\u00f3n de minutos, cortaron el \u00e1rbol, limpiaron la zona y despejaron el peligro. \u201cMe taparon la boca. Agradezco sinceramente al intendente Jorge Ferraresi y a todos los que tomaron nota. Despu\u00e9s de tanto tiempo, alguien escuch\u00f3\u201d, dijo Juan Carlos emocionado.<\/p>\n\n\n\n<figure class=\"wp-block-image size-large\"><img loading=\"lazy\" decoding=\"async\" width=\"775\" height=\"1024\" src=\"https:\/\/enlamira.info\/wp-content\/uploads\/2025\/07\/975d4bfc-0165-4bd1-87e7-06250449d476-775x1024.jpg\" alt=\"\" class=\"wp-image-17672\" srcset=\"https:\/\/enlamira.info\/wp-content\/uploads\/2025\/07\/975d4bfc-0165-4bd1-87e7-06250449d476-775x1024.jpg 775w, https:\/\/enlamira.info\/wp-content\/uploads\/2025\/07\/975d4bfc-0165-4bd1-87e7-06250449d476-227x300.jpg 227w, https:\/\/enlamira.info\/wp-content\/uploads\/2025\/07\/975d4bfc-0165-4bd1-87e7-06250449d476-768x1015.jpg 768w, https:\/\/enlamira.info\/wp-content\/uploads\/2025\/07\/975d4bfc-0165-4bd1-87e7-06250449d476-1163x1536.jpg 1163w, https:\/\/enlamira.info\/wp-content\/uploads\/2025\/07\/975d4bfc-0165-4bd1-87e7-06250449d476.jpg 1211w\" sizes=\"(max-width: 775px) 100vw, 775px\" \/><\/figure>\n\n\n\n<p>Durante el operativo, varios vecinos salieron con sus propios papeles en mano, reclamando situaciones similares. El hecho evidenci\u00f3 una acumulaci\u00f3n de demandas desatendidas y la necesidad de que los responsables de programaci\u00f3n municipal tomen nota de lo que sucede a nivel barrial.<\/p>\n\n\n\n<figure class=\"wp-block-image size-large\"><img loading=\"lazy\" decoding=\"async\" width=\"1024\" height=\"776\" src=\"https:\/\/enlamira.info\/wp-content\/uploads\/2025\/07\/e25be2a0-43ca-4189-a3c0-acc78af1a76f-1-1024x776.jpg\" alt=\"\" class=\"wp-image-17673\" srcset=\"https:\/\/enlamira.info\/wp-content\/uploads\/2025\/07\/e25be2a0-43ca-4189-a3c0-acc78af1a76f-1-1024x776.jpg 1024w, https:\/\/enlamira.info\/wp-content\/uploads\/2025\/07\/e25be2a0-43ca-4189-a3c0-acc78af1a76f-1-300x227.jpg 300w, https:\/\/enlamira.info\/wp-content\/uploads\/2025\/07\/e25be2a0-43ca-4189-a3c0-acc78af1a76f-1-768x582.jpg 768w, https:\/\/enlamira.info\/wp-content\/uploads\/2025\/07\/e25be2a0-43ca-4189-a3c0-acc78af1a76f-1.jpg 1320w\" sizes=\"(max-width: 1024px) 100vw, 1024px\" \/><\/figure>\n\n\n\n<p>\u201cLa Voz del Vecino no escracha, ni confronta, pero s\u00ed exige soluciones concretas. Este es un caso que muestra que <strong>cuando la palabra llega donde debe<\/strong>, la realidad cambia\u201d, reflexion\u00f3 Brunwald en el cierre del programa.<\/p>\n\n\n\n<p>El \u00e1rbol ya no est\u00e1. Pero qued\u00f3 demostrado que el reclamo persistente, cuando encuentra el canal adecuado, puede convertirse en respuesta.<\/p>\n\n\n\n<figure class=\"wp-block-embed is-type-video is-provider-youtube wp-block-embed-youtube wp-embed-aspect-16-9 wp-has-aspect-ratio\"><div class=\"wp-block-embed__wrapper\">\n<iframe loading=\"lazy\" title=\"Entrevista: El municipio de Avellaneda demor\u00f3 un a\u00f1o y medio en podar un arbol..\" width=\"640\" height=\"360\" src=\"https:\/\/www.youtube.com\/embed\/VHE3WQov_SQ?feature=oembed\" frameborder=\"0\" allow=\"accelerometer; autoplay; clipboard-write; encrypted-media; gyroscope; picture-in-picture; web-share\" referrerpolicy=\"strict-origin-when-cross-origin\" allowfullscreen><\/iframe>\n<\/div><\/figure>\n","protected":false},"excerpt":{"rendered":"<p>Luego de m\u00e1s de 20 meses de gestiones fallidas, expedientes ignorados y llamados sin respuestas, el vecino Juan Carlos, de General Arredondo al 6700 en Wilde (Avellaneda), finalmente vio c\u00f3mo el municipio realizaba la poda del \u00e1rbol que durante a\u00f1os puso en riesgo su hogar y la seguridad de quienes transitaban por la vereda. El [&hellip;]<\/p>\n","protected":false},"author":4,"featured_media":17674,"comment_status":"open","ping_status":"open","sticky":false,"template":"","format":"standard","meta":{"footnotes":""},"categories":[1],"tags":[],"_links":{"self":[{"href":"https:\/\/enlamira.info\/index.php\/wp-json\/wp\/v2\/posts\/17669"}],"collection":[{"href":"https:\/\/enlamira.info\/index.php\/wp-json\/wp\/v2\/posts"}],"about":[{"href":"https:\/\/enlamira.info\/index.php\/wp-json\/wp\/v2\/types\/post"}],"author":[{"embeddable":true,"href":"https:\/\/enlamira.info\/index.php\/wp-json\/wp\/v2\/users\/4"}],"replies":[{"embeddable":true,"href":"https:\/\/enlamira.info\/index.php\/wp-json\/wp\/v2\/comments?post=17669"}],"version-history":[{"count":1,"href":"https:\/\/enlamira.info\/index.php\/wp-json\/wp\/v2\/posts\/17669\/revisions"}],"predecessor-version":[{"id":17675,"href":"https:\/\/enlamira.info\/index.php\/wp-json\/wp\/v2\/posts\/17669\/revisions\/17675"}],"wp:featuredmedia":[{"embeddable":true,"href":"https:\/\/enlamira.info\/index.php\/wp-json\/wp\/v2\/media\/17674"}],"wp:attachment":[{"href":"https:\/\/enlamira.info\/index.php\/wp-json\/wp\/v2\/media?parent=17669"}],"wp:term":[{"taxonomy":"category","embeddable":true,"href":"https:\/\/enlamira.info\/index.php\/wp-json\/wp\/v2\/categories?post=17669"},{"taxonomy":"post_tag","embeddable":true,"href":"https:\/\/enlamira.info\/index.php\/wp-json\/wp\/v2\/tags?post=17669"}],"curies":[{"name":"wp","href":"https:\/\/api.w.org\/{rel}","templated":true}]}}