{"id":17661,"date":"2025-07-11T13:08:59","date_gmt":"2025-07-11T16:08:59","guid":{"rendered":"https:\/\/enlamira.info\/?p=17661"},"modified":"2025-07-11T13:08:59","modified_gmt":"2025-07-11T16:08:59","slug":"daniel-hadad-y-periodistas-historicos-reflexionan-sobre-el-legado-de-francisco-en-un-emotivo-conversatorio-en-lanus","status":"publish","type":"post","link":"https:\/\/enlamira.info\/index.php\/2025\/07\/11\/daniel-hadad-y-periodistas-historicos-reflexionan-sobre-el-legado-de-francisco-en-un-emotivo-conversatorio-en-lanus\/","title":{"rendered":"Daniel Hadad y periodistas hist\u00f3ricos reflexionan sobre el legado de Francisco en un emotivo conversatorio en Lan\u00fas"},"content":{"rendered":"\n<p>En un evento cargado de profundidad espiritual y an\u00e1lisis pol\u00edtico, la Universidad Nacional de Lan\u00fas y la agrupaci\u00f3n <em>Francisco nos une<\/em> organizaron un conversatorio que reuni\u00f3 a periodistas destacados y referentes sociales para reflexionar sobre la figura y el legado del Papa Francisco, primer pont\u00edfice latinoamericano. Uno de los protagonistas fue el periodista <strong>Daniel Hadad<\/strong>, quien comparti\u00f3 an\u00e9cdotas \u00edntimas y reflexiones sobre su v\u00ednculo con el pont\u00edfice, junto a <strong>Jorge Fontevecchia<\/strong>, <strong>Gato Silvestre<\/strong> y otros comunicadores convocados. <\/p>\n\n\n\n<figure class=\"wp-block-image size-full\"><img loading=\"lazy\" decoding=\"async\" width=\"751\" height=\"490\" src=\"https:\/\/enlamira.info\/wp-content\/uploads\/2025\/07\/64fe18ab-558e-42ac-b689-53c4070058e3.jpg\" alt=\"\" class=\"wp-image-17662\" srcset=\"https:\/\/enlamira.info\/wp-content\/uploads\/2025\/07\/64fe18ab-558e-42ac-b689-53c4070058e3.jpg 751w, https:\/\/enlamira.info\/wp-content\/uploads\/2025\/07\/64fe18ab-558e-42ac-b689-53c4070058e3-300x196.jpg 300w\" sizes=\"(max-width: 751px) 100vw, 751px\" \/><\/figure>\n\n\n\n<p>El Director de Multimedio En La Mira MArcelo Brunwald, fu\u00e9 invitado al evento y al finalizar el msimo, interactu\u00f3 con sus colegas de medios nacionales, que entrevistaron al Papa Francisco. <\/p>\n\n\n\n<p>Durante el encuentro, Hadad traz\u00f3 un paralelo entre el modelo de comunicaci\u00f3n de Francisco y el modo en que la Iglesia enfrenta la transformaci\u00f3n. \u201cEs como un gran transatl\u00e1ntico: cuesta cambiar el rumbo, pero Francisco lo hizo. Se\u00f1al\u00f3 el norte y avanz\u00f3 con firmeza\u201d, expres\u00f3.<\/p>\n\n\n\n<figure class=\"wp-block-image size-full\"><img loading=\"lazy\" decoding=\"async\" width=\"744\" height=\"484\" src=\"https:\/\/enlamira.info\/wp-content\/uploads\/2025\/07\/581d0b4d-d9d4-417e-8ad6-a728311753c5.jpg\" alt=\"\" class=\"wp-image-17663\" srcset=\"https:\/\/enlamira.info\/wp-content\/uploads\/2025\/07\/581d0b4d-d9d4-417e-8ad6-a728311753c5.jpg 744w, https:\/\/enlamira.info\/wp-content\/uploads\/2025\/07\/581d0b4d-d9d4-417e-8ad6-a728311753c5-300x195.jpg 300w\" sizes=\"(max-width: 744px) 100vw, 744px\" \/><\/figure>\n\n\n\n<p>El evento incluy\u00f3 un repaso por la vida del Papa argentino, sus gestos simb\u00f3licos, su opci\u00f3n por la austeridad y su modo de ejercer el poder desde la cercan\u00eda. Hadad relat\u00f3 momentos en los que Francisco se despoj\u00f3 de ornamentos, rompi\u00f3 protocolos, y se convirti\u00f3 en <strong>una figura que humaniz\u00f3 el papado<\/strong>, incluso a los ojos de periodistas acostumbrados a un Vaticano r\u00edgido y distante.<\/p>\n\n\n\n<figure class=\"wp-block-image size-large\"><img loading=\"lazy\" decoding=\"async\" width=\"1024\" height=\"682\" src=\"https:\/\/enlamira.info\/wp-content\/uploads\/2025\/07\/a1cf60eb-977b-4d73-b6c1-af7e33e49ee5-1024x682.jpg\" alt=\"\" class=\"wp-image-17664\" srcset=\"https:\/\/enlamira.info\/wp-content\/uploads\/2025\/07\/a1cf60eb-977b-4d73-b6c1-af7e33e49ee5-1024x682.jpg 1024w, https:\/\/enlamira.info\/wp-content\/uploads\/2025\/07\/a1cf60eb-977b-4d73-b6c1-af7e33e49ee5-300x200.jpg 300w, https:\/\/enlamira.info\/wp-content\/uploads\/2025\/07\/a1cf60eb-977b-4d73-b6c1-af7e33e49ee5-768x512.jpg 768w, https:\/\/enlamira.info\/wp-content\/uploads\/2025\/07\/a1cf60eb-977b-4d73-b6c1-af7e33e49ee5-1536x1023.jpg 1536w, https:\/\/enlamira.info\/wp-content\/uploads\/2025\/07\/a1cf60eb-977b-4d73-b6c1-af7e33e49ee5.jpg 1600w\" sizes=\"(max-width: 1024px) 100vw, 1024px\" \/><\/figure>\n\n\n\n<p>Una de las an\u00e9cdotas m\u00e1s conmovedoras lleg\u00f3 al referirse al deseo del Papa de regresar a Argentina, y c\u00f3mo las divisiones internas del pa\u00eds complicaron ese retorno. \u201cFrancisco preparaba todo para volver. Pero sab\u00eda que hab\u00eda heridas abiertas que a\u00fan no cicatrizaban. No quer\u00eda que su llegada profundizara las grietas\u201d, coment\u00f3 Hadad.<\/p>\n\n\n\n<figure class=\"wp-block-image size-full\"><img loading=\"lazy\" decoding=\"async\" width=\"744\" height=\"470\" src=\"https:\/\/enlamira.info\/wp-content\/uploads\/2025\/07\/papa.jpg\" alt=\"\" class=\"wp-image-17665\" srcset=\"https:\/\/enlamira.info\/wp-content\/uploads\/2025\/07\/papa.jpg 744w, https:\/\/enlamira.info\/wp-content\/uploads\/2025\/07\/papa-300x190.jpg 300w\" sizes=\"(max-width: 744px) 100vw, 744px\" \/><\/figure>\n\n\n\n<p>El encuentro tambi\u00e9n abord\u00f3 temas profundos como el rol de la Iglesia en el debate ambiental, la creaci\u00f3n de mesas de di\u00e1logo con empresarios y vecinos afectados por la contaminaci\u00f3n, y el impulso de una pol\u00edtica comunicacional m\u00e1s abierta y participativa. La periodista Elisabetta Piqu\u00e9, amiga cercana de Francisco, comparti\u00f3 c\u00f3mo esa transformaci\u00f3n comenz\u00f3 desde Roma, pero intent\u00f3 trasladarse a cada di\u00f3cesis del pa\u00eds.<\/p>\n\n\n\n<figure class=\"wp-block-image size-large\"><img loading=\"lazy\" decoding=\"async\" width=\"1024\" height=\"682\" src=\"https:\/\/enlamira.info\/wp-content\/uploads\/2025\/07\/08177071-6359-484c-8a26-a19bf6fcea17-1024x682.jpg\" alt=\"\" class=\"wp-image-17666\" srcset=\"https:\/\/enlamira.info\/wp-content\/uploads\/2025\/07\/08177071-6359-484c-8a26-a19bf6fcea17-1024x682.jpg 1024w, https:\/\/enlamira.info\/wp-content\/uploads\/2025\/07\/08177071-6359-484c-8a26-a19bf6fcea17-300x200.jpg 300w, https:\/\/enlamira.info\/wp-content\/uploads\/2025\/07\/08177071-6359-484c-8a26-a19bf6fcea17-768x511.jpg 768w, https:\/\/enlamira.info\/wp-content\/uploads\/2025\/07\/08177071-6359-484c-8a26-a19bf6fcea17.jpg 1280w\" sizes=\"(max-width: 1024px) 100vw, 1024px\" \/><\/figure>\n\n\n\n<p>El obispo Marcelo Maxi Marni, junto al presidente del Concejo Deliberante de Lan\u00fas, Agust\u00edn Balladares, brindaron palabras de agradecimiento y destacaron que el evento haya sido parte de la di\u00f3cesis local: \u201cLa palabra de Francisco debe ser sembrada como luz en cada territorio. Hoy dimos ese paso.\u201d<\/p>\n\n\n\n<p>Finalmente, se destac\u00f3 que las entrevistas ofrecidas por los periodistas ser\u00e1n consideradas como <strong>parte del legado hist\u00f3rico del pontificado argentino<\/strong>, por su mirada \u00edntima y su capacidad de narrar el impacto de Francisco en quienes lo conocieron de cerca.<\/p>\n\n\n\n<figure class=\"wp-block-embed is-type-video is-provider-youtube wp-block-embed-youtube wp-embed-aspect-16-9 wp-has-aspect-ratio\"><div class=\"wp-block-embed__wrapper\">\n<iframe loading=\"lazy\" title=\"Unidos por Francisco: Entrevista de Marcelo Brunwald a Daniel Hadad\" width=\"640\" height=\"360\" src=\"https:\/\/www.youtube.com\/embed\/7IydSau_JoM?feature=oembed\" frameborder=\"0\" allow=\"accelerometer; autoplay; clipboard-write; encrypted-media; gyroscope; picture-in-picture; web-share\" referrerpolicy=\"strict-origin-when-cross-origin\" allowfullscreen><\/iframe>\n<\/div><\/figure>\n","protected":false},"excerpt":{"rendered":"<p>En un evento cargado de profundidad espiritual y an\u00e1lisis pol\u00edtico, la Universidad Nacional de Lan\u00fas y la agrupaci\u00f3n Francisco nos une organizaron un conversatorio que reuni\u00f3 a periodistas destacados y referentes sociales para reflexionar sobre la figura y el legado del Papa Francisco, primer pont\u00edfice latinoamericano. Uno de los protagonistas fue el periodista Daniel Hadad, [&hellip;]<\/p>\n","protected":false},"author":4,"featured_media":17667,"comment_status":"open","ping_status":"open","sticky":false,"template":"","format":"standard","meta":{"footnotes":""},"categories":[30,34],"tags":[1916,1918,1917,1919],"_links":{"self":[{"href":"https:\/\/enlamira.info\/index.php\/wp-json\/wp\/v2\/posts\/17661"}],"collection":[{"href":"https:\/\/enlamira.info\/index.php\/wp-json\/wp\/v2\/posts"}],"about":[{"href":"https:\/\/enlamira.info\/index.php\/wp-json\/wp\/v2\/types\/post"}],"author":[{"embeddable":true,"href":"https:\/\/enlamira.info\/index.php\/wp-json\/wp\/v2\/users\/4"}],"replies":[{"embeddable":true,"href":"https:\/\/enlamira.info\/index.php\/wp-json\/wp\/v2\/comments?post=17661"}],"version-history":[{"count":1,"href":"https:\/\/enlamira.info\/index.php\/wp-json\/wp\/v2\/posts\/17661\/revisions"}],"predecessor-version":[{"id":17668,"href":"https:\/\/enlamira.info\/index.php\/wp-json\/wp\/v2\/posts\/17661\/revisions\/17668"}],"wp:featuredmedia":[{"embeddable":true,"href":"https:\/\/enlamira.info\/index.php\/wp-json\/wp\/v2\/media\/17667"}],"wp:attachment":[{"href":"https:\/\/enlamira.info\/index.php\/wp-json\/wp\/v2\/media?parent=17661"}],"wp:term":[{"taxonomy":"category","embeddable":true,"href":"https:\/\/enlamira.info\/index.php\/wp-json\/wp\/v2\/categories?post=17661"},{"taxonomy":"post_tag","embeddable":true,"href":"https:\/\/enlamira.info\/index.php\/wp-json\/wp\/v2\/tags?post=17661"}],"curies":[{"name":"wp","href":"https:\/\/api.w.org\/{rel}","templated":true}]}}