{"id":17654,"date":"2025-07-10T20:18:06","date_gmt":"2025-07-10T23:18:06","guid":{"rendered":"https:\/\/enlamira.info\/?p=17654"},"modified":"2025-07-10T20:18:06","modified_gmt":"2025-07-10T23:18:06","slug":"mayra-mendoza-no-nos-detengamos-un-minuto-de-nuestros-dias-cuando-haya-que-defender-la-patria","status":"publish","type":"post","link":"https:\/\/enlamira.info\/index.php\/2025\/07\/10\/mayra-mendoza-no-nos-detengamos-un-minuto-de-nuestros-dias-cuando-haya-que-defender-la-patria\/","title":{"rendered":"Mayra Mendoza: \u201cNo nos detengamos un minuto de nuestros d\u00edas cuando haya que defender la patria\u201d"},"content":{"rendered":"\n<p>La intendenta de Quilmes, Mayra Mendoza, particip\u00f3 del Tedeum por el 209\u00ba aniversario del D\u00eda de la Declaraci\u00f3n de la Independencia, que se realiz\u00f3 en la Catedral de Quilmes y fue presidido por el Obispo de la Di\u00f3cesis de Quilmes, monse\u00f1or Carlos Tissera. Luego, se llev\u00f3 a cabo un desayuno patrio con instituciones en la Casa de las Culturas.<\/p>\n\n\n\n<p>\u201cNos toca atravesar un gobierno completamente cruel e insensible con rasgos de una dictadura, con situaciones que rozan lo dictatorial y que son completamente antidemocr\u00e1ticas. Como dec\u00eda Cristina en los \u00faltimos d\u00edas, es un terrorismo de Estado de baja intensidad. Y hoy ac\u00e1, entre nosotros nos faltan Eva (Mieri) y Cristina Fern\u00e1ndez de Kirchner, la principal l\u00edder opositora de este pa\u00eds, est\u00e1 presa. Ac\u00e1 est\u00e1 todo completamente alterado\u201d, asever\u00f3 Mayra.<\/p>\n\n\n\n<p>La Jefa comunal remarc\u00f3: \u201cOtra vez, la \u00fanica fuerza pol\u00edtica en la historia de este pa\u00eds vuelve a estar proscripta y es el peronismo. Y Cristina podr\u00eda ser la candidata de todos nosotros y de mucha gente m\u00e1s que la quiere votar pero hoy no la podemos elegir. Y esto no se puede normalizar. Lo voy a repetir hasta el hartazgo, porque se ha naturalizado que quisieron pegarle un tiro en la cabeza y al otro d\u00eda de que quisieron asesinarla, Clar\u00edn dijo que \u2018la bala que no sali\u00f3, el fallo que si saldr\u00e1\u2019. Y hoy la tenemos presa\u201d.<\/p>\n\n\n\n<p>\u201cSi no somos conscientes de que se ha perdido el Estado de Derecho en Argentina no solamente para una mujer que es Cristina, que la han se\u00f1alado como la responsable de todo lo malo que pasa en Argentina, y muchos compatriotas, ciudadanos y vecinos terminan justificando esta aberraci\u00f3n jur\u00eddica, tenemos la responsabilidad y obligaci\u00f3n de salir a transmitir que lo que est\u00e1 sucediendo es una injusticia. Es una persecuci\u00f3n pol\u00edtica hacia una fuerza y una mujer en particular, que fue dos veces Presidenta y dejo al pa\u00eds en mejores condiciones de lo que podamos recordar desde la vuelta de democracia a esta parte. Eso es lo que no le perdonan a Cristina\u201d, sostuvo.<\/p>\n\n\n\n<p>En ese marco, Mayra se refiri\u00f3 a la situaci\u00f3n de la presidenta del bloque de concejales de Uni\u00f3n por la Patria, Eva Mieri: \u201cArgentina, lealtad, Cristina\u2026 y cuando una piensa en Eva re\u00fane todos esos sentimientos, valores y convicciones. Por eso hoy no est\u00e1 entre nosotros. Estoy orgullosa de mi compa\u00f1era Eva, de c\u00f3mo se la est\u00e1 bancando ahora y lo que tiene que atravesar con el cuerpo por lo que siente en el coraz\u00f3n y las ideas que defiende. Pueden faltar unos d\u00edas m\u00e1s para que este entre nosotros\u201d.<\/p>\n\n\n\n<p>La Intendenta enfatiz\u00f3: \u201cNo nos detengamos un minuto de nuestros d\u00edas cuando haya que defender la patria. Un 9 de Julio, un 25 de Mayo o el d\u00eda que se sea, tenemos que poder dar la discusi\u00f3n sobre lo que significa nuestra patria, de lo est\u00e1 en juego hoy y de lo que viene para adelante. Si no tomamos conciencia y dimensi\u00f3n de la tarea que tenemos como militantes, funcionarios y vecinos de rescatar la historia, porque este tipo de modelos, la derecha, tiene como objetivo deshistorizar, quitarnos la posibilidad de recordar y de defender de d\u00f3nde venimos. Y para saber qu\u00e9 hacer para adelante tenemos que tener memoria. La patria tambi\u00e9n es eso, es gloria, memoria y lucha por la soberan\u00eda. Por eso les pido con estas palabras, de fuerza, de bronca, de alegr\u00eda y de angustia, mucho coraje para salir adelante\u201d.<\/p>\n\n\n\n<p>Por su parte, Tissera que record\u00f3 al padre obispo de Quilmes, Jorge Novak, a 24 a\u00f1os de su fallecimiento, se\u00f1al\u00f3: \u201cBasta recorrer estos m\u00e1s de 200 a\u00f1os para ver que hubo, y como habr\u00e1 siempre, intereses mezquinos, personales y de grupos, pero solo perdur\u00f3 lo que fue construido para el bien com\u00fan de todos\u201d. En tanto, una vez finalizada la celebraci\u00f3n, junto a la Intendenta rezaron una oraci\u00f3n en la tumba del primer Obispo de las Di\u00f3cesis de Quilmes.<\/p>\n\n\n\n<p>Luego, los presentes se dirigieron a la Casa de las Culturas y junto a la intendenta Mayra Mendoza compartieron un desayuno patrio donde hubo espacio para el di\u00e1logo con los integrantes de instituciones y colectividades, entre otros, sobre las tareas que llevan adelante y la importancia de continuar con el trabajo en conjunto con la Comuna.<\/p>\n\n\n\n<p>Las actividades contaron con la participaci\u00f3n de funcionarios del Gabinete Municipal, concejales, representantes de colectividades, instituciones, fuerzas vivas, Veteranos de la Guerra de Malvinas y del Beagle, vecinos, vecinas, y miembros de diferentes cultos religiosos.<\/p>\n","protected":false},"excerpt":{"rendered":"<p>La intendenta de Quilmes, Mayra Mendoza, particip\u00f3 del Tedeum por el 209\u00ba aniversario del D\u00eda de la Declaraci\u00f3n de la Independencia, que se realiz\u00f3 en la Catedral de Quilmes y fue presidido por el Obispo de la Di\u00f3cesis de Quilmes, monse\u00f1or Carlos Tissera. Luego, se llev\u00f3 a cabo un desayuno patrio con instituciones en la [&hellip;]<\/p>\n","protected":false},"author":4,"featured_media":17655,"comment_status":"open","ping_status":"open","sticky":false,"template":"","format":"standard","meta":{"footnotes":""},"categories":[1],"tags":[28],"_links":{"self":[{"href":"https:\/\/enlamira.info\/index.php\/wp-json\/wp\/v2\/posts\/17654"}],"collection":[{"href":"https:\/\/enlamira.info\/index.php\/wp-json\/wp\/v2\/posts"}],"about":[{"href":"https:\/\/enlamira.info\/index.php\/wp-json\/wp\/v2\/types\/post"}],"author":[{"embeddable":true,"href":"https:\/\/enlamira.info\/index.php\/wp-json\/wp\/v2\/users\/4"}],"replies":[{"embeddable":true,"href":"https:\/\/enlamira.info\/index.php\/wp-json\/wp\/v2\/comments?post=17654"}],"version-history":[{"count":1,"href":"https:\/\/enlamira.info\/index.php\/wp-json\/wp\/v2\/posts\/17654\/revisions"}],"predecessor-version":[{"id":17656,"href":"https:\/\/enlamira.info\/index.php\/wp-json\/wp\/v2\/posts\/17654\/revisions\/17656"}],"wp:featuredmedia":[{"embeddable":true,"href":"https:\/\/enlamira.info\/index.php\/wp-json\/wp\/v2\/media\/17655"}],"wp:attachment":[{"href":"https:\/\/enlamira.info\/index.php\/wp-json\/wp\/v2\/media?parent=17654"}],"wp:term":[{"taxonomy":"category","embeddable":true,"href":"https:\/\/enlamira.info\/index.php\/wp-json\/wp\/v2\/categories?post=17654"},{"taxonomy":"post_tag","embeddable":true,"href":"https:\/\/enlamira.info\/index.php\/wp-json\/wp\/v2\/tags?post=17654"}],"curies":[{"name":"wp","href":"https:\/\/api.w.org\/{rel}","templated":true}]}}