{"id":17641,"date":"2025-07-10T13:51:17","date_gmt":"2025-07-10T16:51:17","guid":{"rendered":"https:\/\/enlamira.info\/?p=17641"},"modified":"2025-07-10T13:51:17","modified_gmt":"2025-07-10T16:51:17","slug":"violento-allanamiento-en-comedor-comunitario-del-mte-en-quilmes-elba-referente-del-espacio-denuncia-danos-y-persecucion","status":"publish","type":"post","link":"https:\/\/enlamira.info\/index.php\/2025\/07\/10\/violento-allanamiento-en-comedor-comunitario-del-mte-en-quilmes-elba-referente-del-espacio-denuncia-danos-y-persecucion\/","title":{"rendered":"Violento allanamiento en comedor comunitario del MTE en Quilmes: Elba, referente del espacio, denuncia da\u00f1os y persecuci\u00f3n"},"content":{"rendered":"\n<p>En una entrevista exclusiva para <em>La Voz del Vecino<\/em>, Elba \u2014referente del comedor comunitario del MTE ubicado en el barrio La Ca\u00f1ada de Quilmes\u2014 relat\u00f3 el violento procedimiento policial que se vivi\u00f3 durante la madrugada del lunes, cuando efectivos irrumpieron en el lugar rompiendo puertas y destrozando insumos b\u00e1sicos de un espacio que sostiene a m\u00e1s de 200 vecinos con viandas diarias.<\/p>\n\n\n\n<p>\u201cEran las cinco de la ma\u00f1ana. Rompieron todo, tiraron a Juan al piso, revisaron entre la mercader\u00eda. Dicen que buscaban una camioneta, pero no encontraron nada. Y se fueron como si nada\u201d, cont\u00f3 Elba, visiblemente afectada. Asegura que <strong>nadie result\u00f3 herido f\u00edsicamente<\/strong>, pero el comedor sufri\u00f3 da\u00f1os estructurales, destrozos en ollas, estanter\u00edas y alimentos que hab\u00edan sido conseguidos por colaboraci\u00f3n de la comunidad.<\/p>\n\n\n\n<p>La intervenci\u00f3n policial fue realizada por fuerzas provinciales, aunque <strong>no se exhibi\u00f3 orden judicial clara ni se explic\u00f3 el v\u00ednculo del operativo con el comedor<\/strong>. \u201cNo es casualidad que vuelvan a apuntar a espacios comunitarios. Ya pas\u00f3 lo mismo en Piedra Buena\u201d, agreg\u00f3 Elba, en referencia a otro allanamiento reciente.<\/p>\n\n\n\n<p>Desde el comedor \u2014que funciona lunes, mi\u00e9rcoles y algunos jueves\u2014 se\u00f1alan que apenas tienen recursos para sostener almuerzos y meriendas para familias enteras. \u201cNo hacemos todos los d\u00edas, porque no tenemos ayuda. Es lo poco que se junta con esfuerzo.\u201d<\/p>\n\n\n\n<p>Elba tambi\u00e9n cuestion\u00f3 el contexto social y pol\u00edtico: \u201cParece que los espacios comunitarios son blanco de persecuci\u00f3n. \u00bfPor qu\u00e9 no buscan en otro lado? \u00bfQu\u00e9 esperan encontrar en un comedor donde damos de comer a chicos y adultos que no tienen otra opci\u00f3n?\u201d<\/p>\n\n\n\n<p>La Voz del Vecino se comprometi\u00f3 a seguir el caso y dar lugar a los protagonistas de estos hechos, que no encuentran respuesta institucional pero s\u00ed solidaridad vecinal. Elba cierra con una reflexi\u00f3n que interpela: <em>\u201cNo tenemos plata para arreglar lo que rompieron. Pero s\u00ed tenemos dignidad. Y eso no lo allana nadie.\u201d<\/em><\/p>\n\n\n\n<figure class=\"wp-block-embed is-type-video is-provider-youtube wp-block-embed-youtube wp-embed-aspect-16-9 wp-has-aspect-ratio\"><div class=\"wp-block-embed__wrapper\">\n<iframe loading=\"lazy\" title=\"Entrevista: Elva del Comedor (MTE) de Quilmes\" width=\"640\" height=\"360\" src=\"https:\/\/www.youtube.com\/embed\/JvKl2Y2_7W0?feature=oembed\" frameborder=\"0\" allow=\"accelerometer; autoplay; clipboard-write; encrypted-media; gyroscope; picture-in-picture; web-share\" referrerpolicy=\"strict-origin-when-cross-origin\" allowfullscreen><\/iframe>\n<\/div><\/figure>\n","protected":false},"excerpt":{"rendered":"<p>En una entrevista exclusiva para La Voz del Vecino, Elba \u2014referente del comedor comunitario del MTE ubicado en el barrio La Ca\u00f1ada de Quilmes\u2014 relat\u00f3 el violento procedimiento policial que se vivi\u00f3 durante la madrugada del lunes, cuando efectivos irrumpieron en el lugar rompiendo puertas y destrozando insumos b\u00e1sicos de un espacio que sostiene a [&hellip;]<\/p>\n","protected":false},"author":4,"featured_media":17644,"comment_status":"open","ping_status":"open","sticky":false,"template":"","format":"standard","meta":{"footnotes":""},"categories":[1,20],"tags":[],"_links":{"self":[{"href":"https:\/\/enlamira.info\/index.php\/wp-json\/wp\/v2\/posts\/17641"}],"collection":[{"href":"https:\/\/enlamira.info\/index.php\/wp-json\/wp\/v2\/posts"}],"about":[{"href":"https:\/\/enlamira.info\/index.php\/wp-json\/wp\/v2\/types\/post"}],"author":[{"embeddable":true,"href":"https:\/\/enlamira.info\/index.php\/wp-json\/wp\/v2\/users\/4"}],"replies":[{"embeddable":true,"href":"https:\/\/enlamira.info\/index.php\/wp-json\/wp\/v2\/comments?post=17641"}],"version-history":[{"count":1,"href":"https:\/\/enlamira.info\/index.php\/wp-json\/wp\/v2\/posts\/17641\/revisions"}],"predecessor-version":[{"id":17645,"href":"https:\/\/enlamira.info\/index.php\/wp-json\/wp\/v2\/posts\/17641\/revisions\/17645"}],"wp:featuredmedia":[{"embeddable":true,"href":"https:\/\/enlamira.info\/index.php\/wp-json\/wp\/v2\/media\/17644"}],"wp:attachment":[{"href":"https:\/\/enlamira.info\/index.php\/wp-json\/wp\/v2\/media?parent=17641"}],"wp:term":[{"taxonomy":"category","embeddable":true,"href":"https:\/\/enlamira.info\/index.php\/wp-json\/wp\/v2\/categories?post=17641"},{"taxonomy":"post_tag","embeddable":true,"href":"https:\/\/enlamira.info\/index.php\/wp-json\/wp\/v2\/tags?post=17641"}],"curies":[{"name":"wp","href":"https:\/\/api.w.org\/{rel}","templated":true}]}}