{"id":17640,"date":"2025-07-10T14:07:19","date_gmt":"2025-07-10T17:07:19","guid":{"rendered":"https:\/\/enlamira.info\/?p=17640"},"modified":"2025-07-11T13:33:21","modified_gmt":"2025-07-11T16:33:21","slug":"grave-denuncia-por-agresion-en-la-parrilla-don-jesus-de-sarandi-una-familia-fue-golpeada-y-la-comisaria-se-nego-a-tomar-la-denuncia","status":"publish","type":"post","link":"https:\/\/enlamira.info\/index.php\/2025\/07\/10\/grave-denuncia-por-agresion-en-la-parrilla-don-jesus-de-sarandi-una-familia-fue-golpeada-y-la-comisaria-se-nego-a-tomar-la-denuncia\/","title":{"rendered":"Grave denuncia por agresi\u00f3n en la parrilla Don Jes\u00fas de Sarand\u00ed: una familia fue golpeada y la comisar\u00eda se neg\u00f3 a tomar la denuncia"},"content":{"rendered":"\n<p>Una cena familiar en la parrilla <strong>Don Jes\u00fas<\/strong>, ubicada en <strong>avenida Mitre y Deheza, Sarand\u00ed (Avellaneda)<\/strong>, termin\u00f3 en caos y violencia, seg\u00fan denunci\u00f3 una vecina de la zona. El s\u00e1bado pasado, Natalia R. asisti\u00f3 al restaurante junto a sus padres, hermanos y tres menores \u2014entre ellos un beb\u00e9 de dos a\u00f1os\u2014 para celebrar un cumplea\u00f1os.<\/p>\n\n\n\n<figure class=\"wp-block-image size-large\"><img loading=\"lazy\" decoding=\"async\" width=\"1024\" height=\"1024\" src=\"https:\/\/enlamira.info\/wp-content\/uploads\/2025\/07\/dd1ed135-0181-4ceb-8840-2947066fa874-1024x1024.jpg\" alt=\"\" class=\"wp-image-17647\" srcset=\"https:\/\/enlamira.info\/wp-content\/uploads\/2025\/07\/dd1ed135-0181-4ceb-8840-2947066fa874-1024x1024.jpg 1024w, https:\/\/enlamira.info\/wp-content\/uploads\/2025\/07\/dd1ed135-0181-4ceb-8840-2947066fa874-300x300.jpg 300w, https:\/\/enlamira.info\/wp-content\/uploads\/2025\/07\/dd1ed135-0181-4ceb-8840-2947066fa874-150x150.jpg 150w, https:\/\/enlamira.info\/wp-content\/uploads\/2025\/07\/dd1ed135-0181-4ceb-8840-2947066fa874-768x768.jpg 768w, https:\/\/enlamira.info\/wp-content\/uploads\/2025\/07\/dd1ed135-0181-4ceb-8840-2947066fa874.jpg 1280w\" sizes=\"(max-width: 1024px) 100vw, 1024px\" \/><\/figure>\n\n\n\n<p>La reserva hab\u00eda sido realizada previamente con una se\u00f1a de $40.000 v\u00eda transferencia. Luego de consumir, la cuenta alcanz\u00f3 los <strong>$310.000<\/strong>, y al intentar pagar el saldo en efectivo, se gener\u00f3 una discusi\u00f3n que deriv\u00f3 en una violenta reacci\u00f3n por parte del personal del local.<\/p>\n\n\n\n<p>Seg\u00fan el relato brindado por Natalia en el programa <em>La Voz del Vecino<\/em>, el due\u00f1o del establecimiento habr\u00eda ordenado que \u201clos sacaran afuera\u201d, tras lo cual camareros, parrilleros y personas que cuidaban autos en la vereda \u2014conocidos como \u201ctrapitos\u201d\u2014 habr\u00edan agredido f\u00edsicamente a varios miembros de la familia. El padre de Natalia, de 55 a\u00f1os, recibi\u00f3 un golpe con una botella en la cabeza, que le caus\u00f3 <strong>seis puntos de sutura en la frente<\/strong>, adem\u00e1s de hematomas.<\/p>\n\n\n\n<figure class=\"wp-block-image size-large\"><img loading=\"lazy\" decoding=\"async\" width=\"768\" height=\"1024\" src=\"https:\/\/enlamira.info\/wp-content\/uploads\/2025\/07\/cafecb2e-37a6-49c5-9d27-0932906626da-768x1024.jpg\" alt=\"\" class=\"wp-image-17648\" srcset=\"https:\/\/enlamira.info\/wp-content\/uploads\/2025\/07\/cafecb2e-37a6-49c5-9d27-0932906626da-768x1024.jpg 768w, https:\/\/enlamira.info\/wp-content\/uploads\/2025\/07\/cafecb2e-37a6-49c5-9d27-0932906626da-225x300.jpg 225w, https:\/\/enlamira.info\/wp-content\/uploads\/2025\/07\/cafecb2e-37a6-49c5-9d27-0932906626da-1152x1536.jpg 1152w, https:\/\/enlamira.info\/wp-content\/uploads\/2025\/07\/cafecb2e-37a6-49c5-9d27-0932906626da.jpg 1200w\" sizes=\"(max-width: 768px) 100vw, 768px\" \/><\/figure>\n\n\n\n<p>Lo m\u00e1s grave lleg\u00f3 al momento de formalizar la denuncia: <strong>la comisar\u00eda cuarta de Sarand\u00ed se neg\u00f3 a tomarla<\/strong>, seg\u00fan indic\u00f3 la denunciante. La familia debi\u00f3 acudir a la Fiscal\u00eda para iniciar el tr\u00e1mite de forma directa, lo que profundiza la preocupaci\u00f3n sobre la falta de respuesta institucional ante hechos de violencia en espacios p\u00fablicos.<\/p>\n\n\n\n<p>El caso est\u00e1 siendo judicializado y se aguardan definiciones. Por pedido expreso de las v\u00edctimas, algunos datos personales se mantendr\u00e1n reservados hasta que la causa avance. Desde la producci\u00f3n de <em>La Voz del Vecino<\/em>, se convoc\u00f3 a <strong>los responsables del restaurante a brindar su versi\u00f3n de los hechos<\/strong> y a <strong>cualquier testigo a comunicarse al 11-3802-2179<\/strong>.<\/p>\n\n\n\n<p>Mientras tanto, se vuelve a instalar el debate sobre <strong>la seguridad y el respeto en establecimientos gastron\u00f3micos<\/strong>, en especial cuando se trata de familias que asisten a disfrutar sin imaginar que pueden terminar en el hospital.<\/p>\n\n\n\n<figure class=\"wp-block-embed is-type-video is-provider-youtube wp-block-embed-youtube wp-embed-aspect-16-9 wp-has-aspect-ratio\"><div class=\"wp-block-embed__wrapper\">\n<iframe loading=\"lazy\" title=\"NOTA: Pelea entre comensales y personal de la Parrilla &quot;DON JESUS&quot; (Sarandi - Avellaneda)\" width=\"640\" height=\"360\" src=\"https:\/\/www.youtube.com\/embed\/KJB-hvtvy18?feature=oembed\" frameborder=\"0\" allow=\"accelerometer; autoplay; clipboard-write; encrypted-media; gyroscope; picture-in-picture; web-share\" referrerpolicy=\"strict-origin-when-cross-origin\" allowfullscreen><\/iframe>\n<\/div><\/figure>\n","protected":false},"excerpt":{"rendered":"<p>Una cena familiar en la parrilla Don Jes\u00fas, ubicada en avenida Mitre y Deheza, Sarand\u00ed (Avellaneda), termin\u00f3 en caos y violencia, seg\u00fan denunci\u00f3 una vecina de la zona. El s\u00e1bado pasado, Natalia R. asisti\u00f3 al restaurante junto a sus padres, hermanos y tres menores \u2014entre ellos un beb\u00e9 de dos a\u00f1os\u2014 para celebrar un cumplea\u00f1os. [&hellip;]<\/p>\n","protected":false},"author":4,"featured_media":17676,"comment_status":"open","ping_status":"open","sticky":false,"template":"","format":"standard","meta":{"footnotes":""},"categories":[1,32,34],"tags":[1914],"_links":{"self":[{"href":"https:\/\/enlamira.info\/index.php\/wp-json\/wp\/v2\/posts\/17640"}],"collection":[{"href":"https:\/\/enlamira.info\/index.php\/wp-json\/wp\/v2\/posts"}],"about":[{"href":"https:\/\/enlamira.info\/index.php\/wp-json\/wp\/v2\/types\/post"}],"author":[{"embeddable":true,"href":"https:\/\/enlamira.info\/index.php\/wp-json\/wp\/v2\/users\/4"}],"replies":[{"embeddable":true,"href":"https:\/\/enlamira.info\/index.php\/wp-json\/wp\/v2\/comments?post=17640"}],"version-history":[{"count":1,"href":"https:\/\/enlamira.info\/index.php\/wp-json\/wp\/v2\/posts\/17640\/revisions"}],"predecessor-version":[{"id":17649,"href":"https:\/\/enlamira.info\/index.php\/wp-json\/wp\/v2\/posts\/17640\/revisions\/17649"}],"wp:featuredmedia":[{"embeddable":true,"href":"https:\/\/enlamira.info\/index.php\/wp-json\/wp\/v2\/media\/17676"}],"wp:attachment":[{"href":"https:\/\/enlamira.info\/index.php\/wp-json\/wp\/v2\/media?parent=17640"}],"wp:term":[{"taxonomy":"category","embeddable":true,"href":"https:\/\/enlamira.info\/index.php\/wp-json\/wp\/v2\/categories?post=17640"},{"taxonomy":"post_tag","embeddable":true,"href":"https:\/\/enlamira.info\/index.php\/wp-json\/wp\/v2\/tags?post=17640"}],"curies":[{"name":"wp","href":"https:\/\/api.w.org\/{rel}","templated":true}]}}