{"id":17638,"date":"2025-07-10T13:37:01","date_gmt":"2025-07-10T16:37:01","guid":{"rendered":"https:\/\/enlamira.info\/?p=17638"},"modified":"2025-07-10T13:37:01","modified_gmt":"2025-07-10T16:37:01","slug":"saraco-iglesias-nieto-de-herminio-vuelve-al-ruedo-como-armador-y-figura-clave-en-somos-buenos-aires","status":"publish","type":"post","link":"https:\/\/enlamira.info\/index.php\/2025\/07\/10\/saraco-iglesias-nieto-de-herminio-vuelve-al-ruedo-como-armador-y-figura-clave-en-somos-buenos-aires\/","title":{"rendered":"Saraco Iglesias, nieto de Herminio, vuelve al ruedo como armador y figura clave en \u201cSomos Buenos Aires\u201d"},"content":{"rendered":"\n<p>La inscripci\u00f3n oficial del frente \u201cSomos Buenos Aires\u201d ante la Junta Electoral bonaerense marca el nacimiento formal de un nuevo espacio multisectorial, que promete competir con fuerza en los comicios del 7 de septiembre. En ese armado, entre radicales y peronistas no kirchneristas en pleno reagrupamiento, emerge un apellido con historia: Mart\u00edn Saraco Iglesias, exconcejal de Avellaneda y nieto del m\u00edtico Herminio Iglesias.<\/p>\n\n\n\n<p>Saraco no s\u00f3lo oficia como armador territorial del frente, sino que ya suena como virtual candidato a encabezar la lista de concejales en Avellaneda. Su rol, avalado por diversos sectores del peronismo local, no es anecd\u00f3tico: representa el eslab\u00f3n entre la vieja cultura pol\u00edtica del conurbano y el nuevo mapa electoral que se intenta delinear con j\u00f3venes dirigentes.<\/p>\n\n\n\n<p>La alianza \u201cSomos Buenos Aires\u201d re\u00fane a la UCR (aunque con fisuras internas), la Coalici\u00f3n C\u00edvica de Elisa Carri\u00f3, el GEN de Margarita Stolbizer, el espacio Para Adelante de Facundo Manes y partidos como Tercera Posici\u00f3n (de Graciela Cama\u00f1o) y Hacemos, de Juan Schiaretti y Florencio Randazzo.<\/p>\n\n\n\n<p>A nivel estructural, el frente se presenta como una tercera v\u00eda entre los dos polos dominantes: el oficialismo libertario y el peronismo kirchnerista. Sin embargo, en lo operativo \u2014y esto lo reconocen off the record varios dirigentes radicales\u2014 el peronismo por peso espec\u00edfico ser\u00e1 quien tenga \u201cla lapicera\u201d en la conformaci\u00f3n final de las listas, especialmente en las secciones del conurbano.<\/p>\n\n\n\n<p>Entre los actores peronistas que reforzar\u00e1n el armado figuran Julio Zamora (Tigre), Fernando Gray (Esteban Echeverr\u00eda), Juan Zabaleta y Joaqu\u00edn de la Torre. Todos con vocaci\u00f3n de sumar sin resignar territorio. Saraco Iglesias se enmarca en esa l\u00f3gica: peronismo sin K, con inserci\u00f3n local, redes barriales activas y capacidad de construir candidaturas competitivas en terreno picado.<\/p>\n\n\n\n<p>Desde el entorno de Saraco aseguran que \u201cno es una candidatura m\u00e1s\u201d: ser\u00e1 una lista con ADN territorial, abierta al di\u00e1logo con sectores del radicalismo vecinal y con foco en seguridad, salud y desarrollo urbano.<\/p>\n\n\n\n<p>En un contexto de alta fragmentaci\u00f3n pol\u00edtica, \u201cSomos Buenos Aires\u201d busca ser algo m\u00e1s que una marca: intenta convertirse en una alternativa con anclaje real en las ciudades. Y para eso, necesita nombres propios. Saraco Iglesias, con historia familiar y experiencia legislativa, aparece como uno de ellos.<\/p>\n","protected":false},"excerpt":{"rendered":"<p>La inscripci\u00f3n oficial del frente \u201cSomos Buenos Aires\u201d ante la Junta Electoral bonaerense marca el nacimiento formal de un nuevo espacio multisectorial, que promete competir con fuerza en los comicios del 7 de septiembre. En ese armado, entre radicales y peronistas no kirchneristas en pleno reagrupamiento, emerge un apellido con historia: Mart\u00edn Saraco Iglesias, exconcejal [&hellip;]<\/p>\n","protected":false},"author":4,"featured_media":17642,"comment_status":"open","ping_status":"open","sticky":false,"template":"","format":"standard","meta":{"footnotes":""},"categories":[1,20,5],"tags":[],"_links":{"self":[{"href":"https:\/\/enlamira.info\/index.php\/wp-json\/wp\/v2\/posts\/17638"}],"collection":[{"href":"https:\/\/enlamira.info\/index.php\/wp-json\/wp\/v2\/posts"}],"about":[{"href":"https:\/\/enlamira.info\/index.php\/wp-json\/wp\/v2\/types\/post"}],"author":[{"embeddable":true,"href":"https:\/\/enlamira.info\/index.php\/wp-json\/wp\/v2\/users\/4"}],"replies":[{"embeddable":true,"href":"https:\/\/enlamira.info\/index.php\/wp-json\/wp\/v2\/comments?post=17638"}],"version-history":[{"count":1,"href":"https:\/\/enlamira.info\/index.php\/wp-json\/wp\/v2\/posts\/17638\/revisions"}],"predecessor-version":[{"id":17643,"href":"https:\/\/enlamira.info\/index.php\/wp-json\/wp\/v2\/posts\/17638\/revisions\/17643"}],"wp:featuredmedia":[{"embeddable":true,"href":"https:\/\/enlamira.info\/index.php\/wp-json\/wp\/v2\/media\/17642"}],"wp:attachment":[{"href":"https:\/\/enlamira.info\/index.php\/wp-json\/wp\/v2\/media?parent=17638"}],"wp:term":[{"taxonomy":"category","embeddable":true,"href":"https:\/\/enlamira.info\/index.php\/wp-json\/wp\/v2\/categories?post=17638"},{"taxonomy":"post_tag","embeddable":true,"href":"https:\/\/enlamira.info\/index.php\/wp-json\/wp\/v2\/tags?post=17638"}],"curies":[{"name":"wp","href":"https:\/\/api.w.org\/{rel}","templated":true}]}}