{"id":17626,"date":"2025-07-09T21:34:07","date_gmt":"2025-07-10T00:34:07","guid":{"rendered":"https:\/\/enlamira.info\/?p=17626"},"modified":"2025-07-09T21:34:07","modified_gmt":"2025-07-10T00:34:07","slug":"lla-y-el-pro-cerraron-un-acuerdo-en-provincia-para-terminar-con-el-kirchnerismo","status":"publish","type":"post","link":"https:\/\/enlamira.info\/index.php\/2025\/07\/09\/lla-y-el-pro-cerraron-un-acuerdo-en-provincia-para-terminar-con-el-kirchnerismo\/","title":{"rendered":"LLA y el PRO cerraron un acuerdo en Provincia \u201cpara terminar con el kirchnerismo\u201d"},"content":{"rendered":"\n<p>La titular de La Libertad Avanza, Karina Milei, celebr\u00f3 hoy el entendimiento con el PRO para competir por la provincia de Buenos Aires el pr\u00f3ximo 7 de septiembre, y durante la conferencia de prensa en el Hotel Libertador, anunci\u00f3 que el acuerdo electoral permitir\u00e1 dar \u201cla batalla para terminar con el kirchnerismo\u201d.<\/p>\n\n\n\n<p>Junto al presidente del PRO de la provincia, Cristian Ritondo, y al armador libertario, Sebasti\u00e1n Pareja, la secretaria general de la Presidencia sostuvo: \u201cQuiero agradecer la grandeza de todos los que dejaron sus intereses particulares de lado, para unir fuerzas e ir contra el verdadero enemigo que es el kirchnerismo\u201d.<\/p>\n\n\n\n<p>\u201cEl kirchnerismo est\u00e1 atrincherado en la provincia. Ahora va a tener un enemigo m\u00e1s fuerte para combatir. Vamos a dar la batalla para terminarlo porque como venimos diciendo es kirchnerismo o libertad\u201d, plante\u00f3 secundada por el titular de la C\u00e1mara de Diputados y vicepresidenta de La Libertad Avanza, Mart\u00edn Menem.<\/p>\n\n\n\n<p>Por su parte, Pareja defini\u00f3 el entendimiento como \u201cun acuerdo distinto, basado en las ideas de la libertad\u201d, sellado por \u201ctodos aquellos que defienden al gobierno y a las ideas de la libertad\u201d, que est\u00e1n dispuestos a enfrentar al kirchnerismo en su basti\u00f3n.<\/p>\n\n\n\n<p>\u201cHoy venimos a formalizar un trabajo que se viene llevando adelante durante mucho tiempo. Cristian Ritondo y Diego Santilli lo han demostrado en el Congreso Nacional as\u00ed lo han demostrado durante el a\u00f1o pasado\u201d, afirm\u00f3, y complet\u00f3: \u201cEsto pone el valor un sentimiento com\u00fan, no hay esfuerzo mayor que hayamos hecho porque este es el camino\u201d.<\/p>\n\n\n\n<p>En la misma l\u00ednea, aclar\u00f3: \u201cNo hay lugar para los tibios. Es lugar para la libertad o el kirchnerismo y eso va a depender de todos ustedes\u201d.<\/p>\n\n\n\n<p>En representaci\u00f3n del PRO tambi\u00e9n estuvieron sentados en la larga mesa el diputado Diego Santilli, y el intendente de General Pueyrred\u00f3n, Guillermo Montenegro.<\/p>\n\n\n\n<p>Consultado respecto a los porcentajes de que cada una de las fuerzas puede aportar en t\u00e9rminos electorales, el titular de LLA bonaerense evit\u00f3 precisar el diagrama de las listas que, aclar\u00f3, discutir\u00e1n los coordinadores de los distritos y pidi\u00f3 a los ciudadanos de la provincia que participen en la elecci\u00f3n. \u201cLe pedimos a la gente que vaya a votar y se manifieste en contra de lo que vive todos los d\u00edas. Vamos a ofrecerles a los mejores de todos nosotros\u201d, solicit\u00f3.<\/p>\n\n\n\n<p>\u201cLos acuerdos son sin condicionamientos. Estamos sentados los que entendimos el camino y el sacrificio que estamos dispuesto a hacer\u201d, plante\u00f3 Pareja, y especific\u00f3: \u201cAquellos que no est\u00e1n sentados ac\u00e1 seguramente sea porque han intentado plantear cargos, lugares, porcentajes, est\u00e1n equivocados. no es el planteo, la direcci\u00f3n es otra, cambi\u00f3 el viento, sopla en la Argentina la libertad\u201d.<\/p>\n\n\n\n<p>A su turno, Ritondo le agradeci\u00f3 a la menor de los Milei, y revel\u00f3 que el pacto electoral surgi\u00f3 del pedido de los bonaerenses para que ambas fuerzas compitan detr\u00e1s de una misma lista. \u201cEn nosotros est\u00e1 la esperanza de recuperar una provincia, que para algunos es inviable y para nosotros todo posible. Como lo ha demostrado el gobierno nacional en el pa\u00eds podemos encontrar el equilibrio, la seguridad, el orden, y eso es lo que empezamos a trabajar para la provincia\u201d, prometi\u00f3.<\/p>\n\n\n\n<p>Asimismo, remarc\u00f3 adem\u00e1s que la creaci\u00f3n del Frente La Libertad Avanza gener\u00f3 una alta expectativa electoral, y se encarg\u00f3 de remarcar que el titular del espacio, Mauricio Macri, dio el visto bueno para el cierre del acuerdo.<\/p>\n\n\n\n<p>\u201cMauricio Macri no solamente est\u00e1 de acuerdo, sino avala que esta mesa es la que representa y se sienta para llegar a un acuerdo en la provincia de Buenos Aires. Esto es p\u00fablico, es conocido, es notorio\u201d, asever\u00f3, y afirm\u00f3: \u201cSoy el presidente del partido de la provincia de Buenos Aires, aparte soy presidente del bloque, y desde el primer momento dije que mi intenci\u00f3n, la intenci\u00f3n de nuestro partido y de nuestros intendentes, es ir juntos\u201d.<\/p>\n","protected":false},"excerpt":{"rendered":"<p>La titular de La Libertad Avanza, Karina Milei, celebr\u00f3 hoy el entendimiento con el PRO para competir por la provincia de Buenos Aires el pr\u00f3ximo 7 de septiembre, y durante la conferencia de prensa en el Hotel Libertador, anunci\u00f3 que el acuerdo electoral permitir\u00e1 dar \u201cla batalla para terminar con el kirchnerismo\u201d. Junto al presidente [&hellip;]<\/p>\n","protected":false},"author":4,"featured_media":17628,"comment_status":"open","ping_status":"open","sticky":false,"template":"","format":"standard","meta":{"footnotes":""},"categories":[1,20],"tags":[28],"_links":{"self":[{"href":"https:\/\/enlamira.info\/index.php\/wp-json\/wp\/v2\/posts\/17626"}],"collection":[{"href":"https:\/\/enlamira.info\/index.php\/wp-json\/wp\/v2\/posts"}],"about":[{"href":"https:\/\/enlamira.info\/index.php\/wp-json\/wp\/v2\/types\/post"}],"author":[{"embeddable":true,"href":"https:\/\/enlamira.info\/index.php\/wp-json\/wp\/v2\/users\/4"}],"replies":[{"embeddable":true,"href":"https:\/\/enlamira.info\/index.php\/wp-json\/wp\/v2\/comments?post=17626"}],"version-history":[{"count":1,"href":"https:\/\/enlamira.info\/index.php\/wp-json\/wp\/v2\/posts\/17626\/revisions"}],"predecessor-version":[{"id":17627,"href":"https:\/\/enlamira.info\/index.php\/wp-json\/wp\/v2\/posts\/17626\/revisions\/17627"}],"wp:featuredmedia":[{"embeddable":true,"href":"https:\/\/enlamira.info\/index.php\/wp-json\/wp\/v2\/media\/17628"}],"wp:attachment":[{"href":"https:\/\/enlamira.info\/index.php\/wp-json\/wp\/v2\/media?parent=17626"}],"wp:term":[{"taxonomy":"category","embeddable":true,"href":"https:\/\/enlamira.info\/index.php\/wp-json\/wp\/v2\/categories?post=17626"},{"taxonomy":"post_tag","embeddable":true,"href":"https:\/\/enlamira.info\/index.php\/wp-json\/wp\/v2\/tags?post=17626"}],"curies":[{"name":"wp","href":"https:\/\/api.w.org\/{rel}","templated":true}]}}