{"id":17606,"date":"2025-07-10T13:31:43","date_gmt":"2025-07-10T16:31:43","guid":{"rendered":"https:\/\/enlamira.info\/?p=17606"},"modified":"2025-07-10T13:32:56","modified_gmt":"2025-07-10T16:32:56","slug":"crimen-de-mirtha-venner-su-hija-romina-rompe-el-silencio-y-exige-justicia-ante-un-hecho-que-sacude-ezeiza","status":"publish","type":"post","link":"https:\/\/enlamira.info\/index.php\/2025\/07\/10\/crimen-de-mirtha-venner-su-hija-romina-rompe-el-silencio-y-exige-justicia-ante-un-hecho-que-sacude-ezeiza\/","title":{"rendered":"Crimen de Mirtha Venner: su hija Romina rompe el silencio y exige justicia ante un hecho que sacude Ezeiza"},"content":{"rendered":"\n<p>El asesinato de <strong>Mirtha Venner<\/strong>, una jubilada de 72 a\u00f1os encontrada sin vida dentro de un galp\u00f3n en el barrio La Uni\u00f3n de Carlos Spegazzini, partido de Ezeiza, sigue generando conmoci\u00f3n. La mujer, conocida por su trabajo solidario y vinculaci\u00f3n con cooperativas locales, fue hallada el pasado martes en <strong>posici\u00f3n fetal, sin ropa en la parte inferior del cuerpo y con las manos atadas<\/strong>, seg\u00fan confirmaron familiares.<\/p>\n\n\n\n<figure class=\"wp-block-image size-large is-resized\"><img loading=\"lazy\" decoding=\"async\" width=\"768\" height=\"1024\" src=\"https:\/\/enlamira.info\/wp-content\/uploads\/2025\/07\/remove.photos-cleanup-768x1024.jpg\" alt=\"\" class=\"wp-image-17634\" style=\"width:521px;height:auto\" srcset=\"https:\/\/enlamira.info\/wp-content\/uploads\/2025\/07\/remove.photos-cleanup-768x1024.jpg 768w, https:\/\/enlamira.info\/wp-content\/uploads\/2025\/07\/remove.photos-cleanup-225x300.jpg 225w, https:\/\/enlamira.info\/wp-content\/uploads\/2025\/07\/remove.photos-cleanup-1152x1536.jpg 1152w, https:\/\/enlamira.info\/wp-content\/uploads\/2025\/07\/remove.photos-cleanup.jpg 1200w\" sizes=\"(max-width: 768px) 100vw, 768px\" \/><\/figure>\n\n\n\n<p>Su hija romina, rompi\u00f3 el silencio y hablo con &#8220;La Voz del vecino&#8221;.<\/p>\n\n\n\n<p>En di\u00e1logo con el programa <em>La Voz del Vecino<\/em>, conducido por Marcelo Brunwald por <a href=\"http:\/\/www.impactosur.com.ar\/\">www.impactosur.com.ar<\/a>, <strong>Romina<\/strong>, hija de la v\u00edctima, relat\u00f3 los detalles del horror vivido por su familia: \u201cLlam\u00e9 a mi hermana, nadie sab\u00eda nada. Amigos vinieron con reflectores y fue ella quien la encontr\u00f3 dentro del galp\u00f3n. No puedo entender lo que le hicieron a mi mam\u00e1\u201d.<\/p>\n\n\n\n<p>Romina detall\u00f3 que el cuerpo presentaba <strong>golpes m\u00faltiples, cortes en el rostro y un pinchazo inexplicable<\/strong>, lo que descarta por completo la posibilidad de una muerte natural. \u201cLa Fiscal\u00eda primero habl\u00f3 de paro card\u00edaco, asfixia mec\u00e1nica y politraumatismo. Pero cuando vimos el cuerpo en el velatorio \u2014caj\u00f3n abierto\u2014 notamos cosas que nadie nos hab\u00eda dicho. Ten\u00eda marcas, cortes debajo del ojo. Fue una agresi\u00f3n salvaje\u201d.<\/p>\n\n\n\n<figure class=\"wp-block-image size-large\"><img loading=\"lazy\" decoding=\"async\" width=\"1024\" height=\"587\" src=\"https:\/\/enlamira.info\/wp-content\/uploads\/2025\/07\/Senora-2-1024x587.webp\" alt=\"\" class=\"wp-image-17635\" srcset=\"https:\/\/enlamira.info\/wp-content\/uploads\/2025\/07\/Senora-2-1024x587.webp 1024w, https:\/\/enlamira.info\/wp-content\/uploads\/2025\/07\/Senora-2-300x172.webp 300w, https:\/\/enlamira.info\/wp-content\/uploads\/2025\/07\/Senora-2-768x441.webp 768w, https:\/\/enlamira.info\/wp-content\/uploads\/2025\/07\/Senora-2.webp 1440w\" sizes=\"(max-width: 1024px) 100vw, 1024px\" \/><\/figure>\n\n\n\n<p>Respecto a las versiones que circularon sobre posibles disputas por el terreno donde viv\u00eda Mirtha \u2014en Berm\u00fadez al 900\u2014, Romina descart\u00f3 de plano que tuviera enemigos o estuviera involucrada en conflictos: \u201cViv\u00eda all\u00ed hace m\u00e1s de diez a\u00f1os. Era solidaria, alegre, colaboraba con el barrio. No ten\u00eda problemas con nadie. Nada justifica lo que hicieron\u201d.<\/p>\n\n\n\n<p>La causa est\u00e1 caratulada como <strong>averiguaci\u00f3n de causales de muerte<\/strong> y es investigada por la <strong>Unidad Fiscal de Instrucci\u00f3n N.\u00ba 1 de Ezeiza<\/strong>, que espera los resultados definitivos de la autopsia. Hasta el momento, no hay detenidos ni imputaciones formales.<\/p>\n\n\n\n<p>Romina tambi\u00e9n denunci\u00f3 <strong>demoras judiciales<\/strong> en la entrega del cuerpo y en el inicio de la investigaci\u00f3n. \u201cTuvimos que esperar una semana para enterrarla. Mientras tanto, no sab\u00edamos nada. Ahora queremos que se investigue todo y que esto no quede en la nada.\u201d<\/p>\n\n\n\n<p>Familiares y vecinos preparan una <strong>marcha pac\u00edfica en pedido de justicia<\/strong>, mientras que desde <em>La Voz del Vecino<\/em> se impulsa una campa\u00f1a de visibilizaci\u00f3n del caso. \u201cMi mam\u00e1 no muri\u00f3. A mi mam\u00e1 la mataron\u201d, concluy\u00f3 Romina con la voz quebrada.<\/p>\n\n\n\n<p>El crimen de Mirtha Venner es mucho m\u00e1s que una estad\u00edstica judicial. Es una historia de abandono, de dolor y de b\u00fasqueda de verdad. La comunidad de Ezeiza espera respuestas. Y sobre todo, justicia.<\/p>\n\n\n\n<figure class=\"wp-block-embed is-type-video is-provider-youtube wp-block-embed-youtube wp-embed-aspect-16-9 wp-has-aspect-ratio\"><div class=\"wp-block-embed__wrapper\">\n<iframe loading=\"lazy\" title=\"Entrevista: Romina (Hija) de &quot;Mirta&quot; vecina de Avellaneda asesinada.\" width=\"640\" height=\"360\" src=\"https:\/\/www.youtube.com\/embed\/lfAW3SYQ4sI?feature=oembed\" frameborder=\"0\" allow=\"accelerometer; autoplay; clipboard-write; encrypted-media; gyroscope; picture-in-picture; web-share\" referrerpolicy=\"strict-origin-when-cross-origin\" allowfullscreen><\/iframe>\n<\/div><\/figure>\n","protected":false},"excerpt":{"rendered":"<p>El asesinato de Mirtha Venner, una jubilada de 72 a\u00f1os encontrada sin vida dentro de un galp\u00f3n en el barrio La Uni\u00f3n de Carlos Spegazzini, partido de Ezeiza, sigue generando conmoci\u00f3n. La mujer, conocida por su trabajo solidario y vinculaci\u00f3n con cooperativas locales, fue hallada el pasado martes en posici\u00f3n fetal, sin ropa en la [&hellip;]<\/p>\n","protected":false},"author":4,"featured_media":17637,"comment_status":"open","ping_status":"open","sticky":false,"template":"","format":"standard","meta":{"footnotes":""},"categories":[1,32,5,34],"tags":[1913],"_links":{"self":[{"href":"https:\/\/enlamira.info\/index.php\/wp-json\/wp\/v2\/posts\/17606"}],"collection":[{"href":"https:\/\/enlamira.info\/index.php\/wp-json\/wp\/v2\/posts"}],"about":[{"href":"https:\/\/enlamira.info\/index.php\/wp-json\/wp\/v2\/types\/post"}],"author":[{"embeddable":true,"href":"https:\/\/enlamira.info\/index.php\/wp-json\/wp\/v2\/users\/4"}],"replies":[{"embeddable":true,"href":"https:\/\/enlamira.info\/index.php\/wp-json\/wp\/v2\/comments?post=17606"}],"version-history":[{"count":1,"href":"https:\/\/enlamira.info\/index.php\/wp-json\/wp\/v2\/posts\/17606\/revisions"}],"predecessor-version":[{"id":17636,"href":"https:\/\/enlamira.info\/index.php\/wp-json\/wp\/v2\/posts\/17606\/revisions\/17636"}],"wp:featuredmedia":[{"embeddable":true,"href":"https:\/\/enlamira.info\/index.php\/wp-json\/wp\/v2\/media\/17637"}],"wp:attachment":[{"href":"https:\/\/enlamira.info\/index.php\/wp-json\/wp\/v2\/media?parent=17606"}],"wp:term":[{"taxonomy":"category","embeddable":true,"href":"https:\/\/enlamira.info\/index.php\/wp-json\/wp\/v2\/categories?post=17606"},{"taxonomy":"post_tag","embeddable":true,"href":"https:\/\/enlamira.info\/index.php\/wp-json\/wp\/v2\/tags?post=17606"}],"curies":[{"name":"wp","href":"https:\/\/api.w.org\/{rel}","templated":true}]}}