{"id":17578,"date":"2025-07-08T14:56:22","date_gmt":"2025-07-08T17:56:22","guid":{"rendered":"https:\/\/enlamira.info\/?p=17578"},"modified":"2025-07-08T14:58:29","modified_gmt":"2025-07-08T17:58:29","slug":"villa-dominico-el-club-malvinas-renace-con-apoyo-municipal-y-orgullo-vecinal","status":"publish","type":"post","link":"https:\/\/enlamira.info\/index.php\/2025\/07\/08\/villa-dominico-el-club-malvinas-renace-con-apoyo-municipal-y-orgullo-vecinal\/","title":{"rendered":"Villa Dom\u00ednico: el Club Malvinas renace con apoyo municipal y orgullo vecinal"},"content":{"rendered":"\n<p>En una nueva emisi\u00f3n del programa <em>La Voz del Vecino<\/em>, que se transmite de martes a viernes de 10 a 12 h por <a href=\"http:\/\/www.impactosur.com.ar\/\">www.impactosur.com.ar<\/a>, un vecino del barrio de Villa Dom\u00ednico comparti\u00f3 su testimonio sobre la transformaci\u00f3n del Club Islas Malvinas, recientemente reinaugurado por el intendente Jorge Ferraresi.<\/p>\n\n\n\n<p>\u201cAntes el club estaba, pero era un desastre. Estaba abandonado, nadie se hac\u00eda cargo. Ahora s\u00ed, gracias a esta gesti\u00f3n, volvi\u00f3 a ser un club de verdad\u201d, expres\u00f3 con entusiasmo Jos\u00e9 Luis, vecino de la zona de San Nicol\u00e1s y Washington. \u201cMarcelo, el nuevo presidente, lo levant\u00f3. Pusieron una pantalla, una cancha de papi f\u00fatbol, lo pintaron todo. Hoy es un club como la gente\u201d.<\/p>\n\n\n\n<p>La reinauguraci\u00f3n oficial del Club Islas Malvinas se realiz\u00f3 el 30 de junio con la presencia del intendente Ferraresi, quien recorri\u00f3 las nuevas instalaciones junto al presidente de la instituci\u00f3n, Marcelo Barrera, y funcionarios municipales. El edificio cuenta ahora con un moderno sal\u00f3n de musculaci\u00f3n, cancha multideporte, vestuarios, buffet con cocina, aulas para actividades formativas y oficinas administrativas.<\/p>\n\n\n\n<p>\u201cEs un orgullo que los espacios de encuentro de nuestros barrios sean de primer nivel. Tenemos una ciudad \u00fanica que debemos cuidar y defender entre todos y todas\u201d, expres\u00f3 Ferraresi durante el acto.<\/p>\n\n\n\n<p>El vecino tambi\u00e9n valor\u00f3 el impacto social de la obra: \u201cAhora los chicos tienen d\u00f3nde ir, hay actividades, hay vida. Antes era un lugar oscuro, hoy es un espacio para la comunidad\u201d.<\/p>\n\n\n\n<p><em>La Voz del Vecino<\/em>, conducido por Marcelo Brunwald, contin\u00faa siendo un espacio donde las voces barriales encuentran eco. En este caso, con un testimonio que no solo reconoce una obra concreta, sino que pone en valor el rol del Estado en la recuperaci\u00f3n de espacios comunitarios.<\/p>\n\n\n\n<figure class=\"wp-block-embed is-type-video is-provider-youtube wp-block-embed-youtube wp-embed-aspect-16-9 wp-has-aspect-ratio\"><div class=\"wp-block-embed__wrapper\">\n<iframe loading=\"lazy\" title=\"Entrevista: Jose Luis (Vecino)\" width=\"640\" height=\"360\" src=\"https:\/\/www.youtube.com\/embed\/OHBiAcHn3n8?feature=oembed\" frameborder=\"0\" allow=\"accelerometer; autoplay; clipboard-write; encrypted-media; gyroscope; picture-in-picture; web-share\" referrerpolicy=\"strict-origin-when-cross-origin\" allowfullscreen><\/iframe>\n<\/div><\/figure>\n","protected":false},"excerpt":{"rendered":"<p>En una nueva emisi\u00f3n del programa La Voz del Vecino, que se transmite de martes a viernes de 10 a 12 h por www.impactosur.com.ar, un vecino del barrio de Villa Dom\u00ednico comparti\u00f3 su testimonio sobre la transformaci\u00f3n del Club Islas Malvinas, recientemente reinaugurado por el intendente Jorge Ferraresi. \u201cAntes el club estaba, pero era un [&hellip;]<\/p>\n","protected":false},"author":4,"featured_media":17584,"comment_status":"open","ping_status":"open","sticky":false,"template":"","format":"standard","meta":{"footnotes":""},"categories":[1,14],"tags":[],"_links":{"self":[{"href":"https:\/\/enlamira.info\/index.php\/wp-json\/wp\/v2\/posts\/17578"}],"collection":[{"href":"https:\/\/enlamira.info\/index.php\/wp-json\/wp\/v2\/posts"}],"about":[{"href":"https:\/\/enlamira.info\/index.php\/wp-json\/wp\/v2\/types\/post"}],"author":[{"embeddable":true,"href":"https:\/\/enlamira.info\/index.php\/wp-json\/wp\/v2\/users\/4"}],"replies":[{"embeddable":true,"href":"https:\/\/enlamira.info\/index.php\/wp-json\/wp\/v2\/comments?post=17578"}],"version-history":[{"count":2,"href":"https:\/\/enlamira.info\/index.php\/wp-json\/wp\/v2\/posts\/17578\/revisions"}],"predecessor-version":[{"id":17586,"href":"https:\/\/enlamira.info\/index.php\/wp-json\/wp\/v2\/posts\/17578\/revisions\/17586"}],"wp:featuredmedia":[{"embeddable":true,"href":"https:\/\/enlamira.info\/index.php\/wp-json\/wp\/v2\/media\/17584"}],"wp:attachment":[{"href":"https:\/\/enlamira.info\/index.php\/wp-json\/wp\/v2\/media?parent=17578"}],"wp:term":[{"taxonomy":"category","embeddable":true,"href":"https:\/\/enlamira.info\/index.php\/wp-json\/wp\/v2\/categories?post=17578"},{"taxonomy":"post_tag","embeddable":true,"href":"https:\/\/enlamira.info\/index.php\/wp-json\/wp\/v2\/tags?post=17578"}],"curies":[{"name":"wp","href":"https:\/\/api.w.org\/{rel}","templated":true}]}}