{"id":17560,"date":"2025-07-04T21:00:00","date_gmt":"2025-07-05T00:00:00","guid":{"rendered":"https:\/\/enlamira.info\/?p=17560"},"modified":"2025-07-04T17:17:41","modified_gmt":"2025-07-04T20:17:41","slug":"el-pro-aprobo-una-alianza-con-la-libertad-avanza-para-las-elecciones-legislativas-en-la-provincia-de-buenos-aires","status":"publish","type":"post","link":"https:\/\/enlamira.info\/index.php\/2025\/07\/04\/el-pro-aprobo-una-alianza-con-la-libertad-avanza-para-las-elecciones-legislativas-en-la-provincia-de-buenos-aires\/","title":{"rendered":"El PRO aprob\u00f3 una alianza con La Libertad Avanza para las elecciones legislativas en la Provincia de Buenos Aires"},"content":{"rendered":"\n<p>El PRO bonaerense llev\u00f3 a cabo este viernes una reuni\u00f3n clave de su asamblea partidaria en la que aprob\u00f3 conformar una alianza electoral con La Libertad Avanza, con miras a las elecciones legislativas en la provincia de Buenos Aires.<\/p>\n\n\n\n<p>El encuentro se realiz\u00f3 en la sede del partido en el barrio porte\u00f1o de San Telmo y cont\u00f3 con la presencia de dirigentes de peso del espacio, como N\u00e9stor Grindetti y Cristian Ritondo.<\/p>\n\n\n\n<p>\u201cDimos un paso clave para construir un frente que frene al populismo en la Provincia\u201d, expres\u00f3 el partido en un comunicado oficial. \u201cVotamos por unanimidad para facultar a la Mesa Ejecutiva, encabezada por el presidente Cristian Ritondo, a construir un frente electoral que le ponga un freno definitivo al populismo\u201d, destacaron.<\/p>\n\n\n\n<p>Desde el PRO tambi\u00e9n remarcaron que el acuerdo \u201cse viene trabajando con seriedad, sin improvisaciones ni especulaciones personales\u201d y que el objetivo compartido es \u201cganar la elecci\u00f3n del 7 de septiembre para devolverle a los bonaerenses el orden, la seguridad y el progreso que el kirchnerismo les quit\u00f3 durante a\u00f1os\u201d.<\/p>\n\n\n\n<p>La Asamblea, presidida por N\u00e9stor Grindetti, cont\u00f3 con la participaci\u00f3n de intendentes y referentes bonaerenses como Mat\u00edas Ranzini, Agust\u00edn Forchieri, Mart\u00edn Yeza, Adri\u00e1n Urreli, Mar\u00eda Sotolano, Alex Campbell, Soledad Mart\u00ednez, Marcelo Matzkin, Pablo Petrecca, Mar\u00eda Jos\u00e9 Gentile, Julieta Arce, Julio Garro y Aldana Ahumada.<\/p>\n\n\n\n<p>El martes previo a la asamblea, Ritondo y Diego Santilli mantuvieron una reuni\u00f3n con Sebasti\u00e1n Pareja, delegado de Karina Milei y principal armador pol\u00edtico de LLA en Buenos Aires, para ultimar los detalles del frente que llevar\u00e1 el nombre La Libertad Avanza, pero que incluir\u00e1 tambi\u00e9n a candidatos del PRO en las ocho secciones electorales de la provincia.<\/p>\n\n\n\n<p>\u201cYa estamos punteando distrito por distrito, poniendo nombres sobre la mesa y viendo d\u00f3nde hay buena, muy buena o directamente nula relaci\u00f3n. Sobre todo, en los distritos donde no tenemos intendentes\u201d, explic\u00f3 una fuente del partido.<\/p>\n","protected":false},"excerpt":{"rendered":"<p>El PRO bonaerense llev\u00f3 a cabo este viernes una reuni\u00f3n clave de su asamblea partidaria en la que aprob\u00f3 conformar una alianza electoral con La Libertad Avanza, con miras a las elecciones legislativas en la provincia de Buenos Aires. El encuentro se realiz\u00f3 en la sede del partido en el barrio porte\u00f1o de San Telmo [&hellip;]<\/p>\n","protected":false},"author":4,"featured_media":17562,"comment_status":"open","ping_status":"open","sticky":false,"template":"","format":"standard","meta":{"footnotes":""},"categories":[1,20],"tags":[28],"_links":{"self":[{"href":"https:\/\/enlamira.info\/index.php\/wp-json\/wp\/v2\/posts\/17560"}],"collection":[{"href":"https:\/\/enlamira.info\/index.php\/wp-json\/wp\/v2\/posts"}],"about":[{"href":"https:\/\/enlamira.info\/index.php\/wp-json\/wp\/v2\/types\/post"}],"author":[{"embeddable":true,"href":"https:\/\/enlamira.info\/index.php\/wp-json\/wp\/v2\/users\/4"}],"replies":[{"embeddable":true,"href":"https:\/\/enlamira.info\/index.php\/wp-json\/wp\/v2\/comments?post=17560"}],"version-history":[{"count":1,"href":"https:\/\/enlamira.info\/index.php\/wp-json\/wp\/v2\/posts\/17560\/revisions"}],"predecessor-version":[{"id":17561,"href":"https:\/\/enlamira.info\/index.php\/wp-json\/wp\/v2\/posts\/17560\/revisions\/17561"}],"wp:featuredmedia":[{"embeddable":true,"href":"https:\/\/enlamira.info\/index.php\/wp-json\/wp\/v2\/media\/17562"}],"wp:attachment":[{"href":"https:\/\/enlamira.info\/index.php\/wp-json\/wp\/v2\/media?parent=17560"}],"wp:term":[{"taxonomy":"category","embeddable":true,"href":"https:\/\/enlamira.info\/index.php\/wp-json\/wp\/v2\/categories?post=17560"},{"taxonomy":"post_tag","embeddable":true,"href":"https:\/\/enlamira.info\/index.php\/wp-json\/wp\/v2\/tags?post=17560"}],"curies":[{"name":"wp","href":"https:\/\/api.w.org\/{rel}","templated":true}]}}