{"id":1753,"date":"2024-03-22T12:12:46","date_gmt":"2024-03-22T15:12:46","guid":{"rendered":"https:\/\/enlamira.info\/?p=1753"},"modified":"2024-03-22T14:27:07","modified_gmt":"2024-03-22T17:27:07","slug":"alberto-fernandez-le-pidio-a-milei-poner-fin-a-los-discursos-de-odio-que-promueven-la-violencia","status":"publish","type":"post","link":"https:\/\/enlamira.info\/index.php\/2024\/03\/22\/alberto-fernandez-le-pidio-a-milei-poner-fin-a-los-discursos-de-odio-que-promueven-la-violencia\/","title":{"rendered":"Alberto Fern\u00e1ndez le pidi\u00f3 a Milei \u201cponer fin a los discursos de odio que promueven la violencia\u201d"},"content":{"rendered":"\n<p>Tras un hecho denunciado por la agrupaci\u00f3n HIJOS, el ex jefe de Estado acus\u00f3 al actual Presidente de promover el odio.<\/p>\n\n\n\n<p>El ex presidente, Alberto Fern\u00e1ndez, hizo un duro descargo en donde apunt\u00f3 contra Javier Milei y contra la dirigencia de La Libertad Avanza (LLA). El mensaje del ex jefe de Estado est\u00e1 vinculado a un comunicado de la agrupaci\u00f3n HIJOS donde se acusa a seguidores libertarios de abusar sexualmente de una de sus militantes.Alberto Fern\u00e1ndez indic\u00f3: \u201cCuando el Presidente Milei result\u00f3 electo, le propuse desayunar en Olivos para organizar la transici\u00f3n y el traspaso de gobierno. En esa ocasion le advert\u00ed que deb\u00eda moderar su discurso violento contra quienes piensan distinto\u201c.<\/p>\n\n\n\n<p>&#8221; Le se\u00f1al\u00e9 que el riesgo de aventar tanto odio era que alguno de sus seguidores \u2018decodificara\u2019 sus palabras como una incitaci\u00f3n a actuar. Le record\u00e9 lo vivido por Cristina Fern\u00e1ndez de Kirchner cuando uno de sus seguidores gatill\u00f3 dos veces una pistola sobre su cabeza con la suerte que nunca se concret\u00f3 el disparo\u201d, agreg\u00f3.Fern\u00e1ndez asegur\u00f3: \u201cEl Presidente Milei ha seguido con su pr\u00e9dica violenta contra sus opositores trat\u00e1ndolos de \u2018zurdos\u2019 o \u2018ratas\u2019. No escuch\u00f3 mi consejo y la consecuencia es lo que hoy da cuenta el comunicado de H.I.J.O.S.\u201d. Y remarc\u00f3: \u201cInsto al Presidente Milei (ahora p\u00fablicamente) y a la dirigencia de LLA a poner fin a los discursos de odio que promueven la violencia\u201d.<\/p>\n","protected":false},"excerpt":{"rendered":"<p>Tras un hecho denunciado por la agrupaci\u00f3n HIJOS, el ex jefe de Estado acus\u00f3 al actual Presidente de promover el odio. El ex presidente, Alberto Fern\u00e1ndez, hizo un duro descargo en donde apunt\u00f3 contra Javier Milei y contra la dirigencia de La Libertad Avanza (LLA). El mensaje del ex jefe de Estado est\u00e1 vinculado a [&hellip;]<\/p>\n","protected":false},"author":2,"featured_media":1754,"comment_status":"open","ping_status":"open","sticky":false,"template":"","format":"standard","meta":{"footnotes":""},"categories":[20],"tags":[],"_links":{"self":[{"href":"https:\/\/enlamira.info\/index.php\/wp-json\/wp\/v2\/posts\/1753"}],"collection":[{"href":"https:\/\/enlamira.info\/index.php\/wp-json\/wp\/v2\/posts"}],"about":[{"href":"https:\/\/enlamira.info\/index.php\/wp-json\/wp\/v2\/types\/post"}],"author":[{"embeddable":true,"href":"https:\/\/enlamira.info\/index.php\/wp-json\/wp\/v2\/users\/2"}],"replies":[{"embeddable":true,"href":"https:\/\/enlamira.info\/index.php\/wp-json\/wp\/v2\/comments?post=1753"}],"version-history":[{"count":1,"href":"https:\/\/enlamira.info\/index.php\/wp-json\/wp\/v2\/posts\/1753\/revisions"}],"predecessor-version":[{"id":1755,"href":"https:\/\/enlamira.info\/index.php\/wp-json\/wp\/v2\/posts\/1753\/revisions\/1755"}],"wp:featuredmedia":[{"embeddable":true,"href":"https:\/\/enlamira.info\/index.php\/wp-json\/wp\/v2\/media\/1754"}],"wp:attachment":[{"href":"https:\/\/enlamira.info\/index.php\/wp-json\/wp\/v2\/media?parent=1753"}],"wp:term":[{"taxonomy":"category","embeddable":true,"href":"https:\/\/enlamira.info\/index.php\/wp-json\/wp\/v2\/categories?post=1753"},{"taxonomy":"post_tag","embeddable":true,"href":"https:\/\/enlamira.info\/index.php\/wp-json\/wp\/v2\/tags?post=1753"}],"curies":[{"name":"wp","href":"https:\/\/api.w.org\/{rel}","templated":true}]}}