{"id":17522,"date":"2025-07-03T14:01:21","date_gmt":"2025-07-03T17:01:21","guid":{"rendered":"https:\/\/enlamira.info\/?p=17522"},"modified":"2025-07-03T14:01:21","modified_gmt":"2025-07-03T17:01:21","slug":"wilde-15-dias-sin-luz-vecinos-desesperados-por-la-falta-de-respuestas","status":"publish","type":"post","link":"https:\/\/enlamira.info\/index.php\/2025\/07\/03\/wilde-15-dias-sin-luz-vecinos-desesperados-por-la-falta-de-respuestas\/","title":{"rendered":"Wilde: 15 d\u00edas sin luz, vecinos desesperados por la falta de respuestas"},"content":{"rendered":"\n<p>Desde hace m\u00e1s de dos semanas, vecinos de Wilde \u2014espec\u00edficamente en la zona de Venezuela y calles aleda\u00f1as\u2014 atraviesan una crisis energ\u00e9tica que los dej\u00f3 sumidos en cortes de luz diarios, baj\u00edsimas tensiones, electrodom\u00e9sticos inutilizados y una rutina marcada por la angustia. Sandra, una vecina del barrio, brind\u00f3 un testimonio desgarrador en el programa <em>La Voz del Vecino<\/em>, que se emite de martes a viernes de 10 a 12 hs por <a href=\"http:\/\/www.impactosur.com.ar\">www.impactosur.com.ar<\/a>, con la conducci\u00f3n de Marcelo Brunwald.<\/p>\n\n\n\n<p>\u201cHoy ya son 16 d\u00edas. Todos los d\u00edas se corta, o baja la tensi\u00f3n y quemamos todo. Hay vecinos mayores, una mam\u00e1 que perdi\u00f3 la insulina de su hija, otra se\u00f1ora que se acuesta con frazadas a oscuras. Yo ya no puedo ni cocinar, tengo que calentar la comida en lo de otra persona\u201d, relat\u00f3 Sandra.<\/p>\n\n\n\n<p>La zona afectada no ha recibido atenci\u00f3n t\u00e9cnica a pesar de los reclamos individuales, mensajes por WhatsApp, llamados y formularios. \u201cTodo es computarizado. Nadie escucha. Te dan un n\u00famero y nada m\u00e1s. Ahora estamos organizando una juntada de firmas para llevar directamente a las oficinas de Edesur\u201d, explic\u00f3.<\/p>\n\n\n\n<p>Uno de los momentos m\u00e1s duros del testimonio fue cuando la vecina cont\u00f3 que debe ajustar toda su vida laboral para poder cocinar o ducharse. \u201cMi hijo est\u00e1 por debutar, tengo que programar los tiempos para calentarle algo, para que coma. Es desgastante. No se trata solo de comodidad, se trata de salud y dignidad\u201d.<\/p>\n\n\n\n<p>Desde el programa <em>La Voz del Vecino<\/em>, Brunwald remarc\u00f3: \u201cNo queremos estad\u00edsticas fr\u00edas. Queremos saber qu\u00e9 le pasa a Sandra, a su hijo, a su vecina. Porque detr\u00e1s de los cortes, hay personas\u201d.<\/p>\n\n\n\n<p> Si sos electrodependiente o conoc\u00e9s a alguien que lo sea, pod\u00e9s comunicarte con la Asociaci\u00f3n Argentina de Electrodependientes (AAED) o ingresar a <a href=\"http:\/\/www.argentina.gob.ar\/electrodependientes\">www.argentina.gob.ar\/electrodependientes<\/a>. Tambi\u00e9n pod\u00e9s denunciar ante el ENRE si los reclamos no son atendidos: <a href=\"http:\/\/www.enre.gov.ar\">www.enre.gov.ar<\/a> \u2013 reclamos@enre.gov.ar<\/p>\n\n\n\n<p>La comunidad de Wilde pide algo simple: que los servicios funcionen y que las empresas, cuando fallan, respondan. Mientras tanto, la red de vecinos sigue organiz\u00e1ndose para no dejar a nadie solo. <\/p>\n\n\n\n<figure class=\"wp-block-embed is-type-video is-provider-youtube wp-block-embed-youtube wp-embed-aspect-16-9 wp-has-aspect-ratio\"><div class=\"wp-block-embed__wrapper\">\n<iframe loading=\"lazy\" title=\"Nota: Hablamos con Sandra (Vecina de Avellaneda) 15 dias sin suministro de Luz en la Zona.\" width=\"640\" height=\"360\" src=\"https:\/\/www.youtube.com\/embed\/v_QPSgrH-eU?feature=oembed\" frameborder=\"0\" allow=\"accelerometer; autoplay; clipboard-write; encrypted-media; gyroscope; picture-in-picture; web-share\" referrerpolicy=\"strict-origin-when-cross-origin\" allowfullscreen><\/iframe>\n<\/div><\/figure>\n","protected":false},"excerpt":{"rendered":"<p>Desde hace m\u00e1s de dos semanas, vecinos de Wilde \u2014espec\u00edficamente en la zona de Venezuela y calles aleda\u00f1as\u2014 atraviesan una crisis energ\u00e9tica que los dej\u00f3 sumidos en cortes de luz diarios, baj\u00edsimas tensiones, electrodom\u00e9sticos inutilizados y una rutina marcada por la angustia. Sandra, una vecina del barrio, brind\u00f3 un testimonio desgarrador en el programa La [&hellip;]<\/p>\n","protected":false},"author":2,"featured_media":17527,"comment_status":"open","ping_status":"open","sticky":false,"template":"","format":"standard","meta":{"footnotes":""},"categories":[1,34],"tags":[],"_links":{"self":[{"href":"https:\/\/enlamira.info\/index.php\/wp-json\/wp\/v2\/posts\/17522"}],"collection":[{"href":"https:\/\/enlamira.info\/index.php\/wp-json\/wp\/v2\/posts"}],"about":[{"href":"https:\/\/enlamira.info\/index.php\/wp-json\/wp\/v2\/types\/post"}],"author":[{"embeddable":true,"href":"https:\/\/enlamira.info\/index.php\/wp-json\/wp\/v2\/users\/2"}],"replies":[{"embeddable":true,"href":"https:\/\/enlamira.info\/index.php\/wp-json\/wp\/v2\/comments?post=17522"}],"version-history":[{"count":1,"href":"https:\/\/enlamira.info\/index.php\/wp-json\/wp\/v2\/posts\/17522\/revisions"}],"predecessor-version":[{"id":17529,"href":"https:\/\/enlamira.info\/index.php\/wp-json\/wp\/v2\/posts\/17522\/revisions\/17529"}],"wp:featuredmedia":[{"embeddable":true,"href":"https:\/\/enlamira.info\/index.php\/wp-json\/wp\/v2\/media\/17527"}],"wp:attachment":[{"href":"https:\/\/enlamira.info\/index.php\/wp-json\/wp\/v2\/media?parent=17522"}],"wp:term":[{"taxonomy":"category","embeddable":true,"href":"https:\/\/enlamira.info\/index.php\/wp-json\/wp\/v2\/categories?post=17522"},{"taxonomy":"post_tag","embeddable":true,"href":"https:\/\/enlamira.info\/index.php\/wp-json\/wp\/v2\/tags?post=17522"}],"curies":[{"name":"wp","href":"https:\/\/api.w.org\/{rel}","templated":true}]}}