{"id":1750,"date":"2024-03-22T12:11:04","date_gmt":"2024-03-22T15:11:04","guid":{"rendered":"https:\/\/enlamira.info\/?p=1750"},"modified":"2024-03-22T15:31:33","modified_gmt":"2024-03-22T18:31:33","slug":"tras-no-llegar-a-un-acuerdo-con-la-oposicion-el-gobierno-modificara-la-formula-jubilatoria-por-dnu","status":"publish","type":"post","link":"https:\/\/enlamira.info\/index.php\/2024\/03\/22\/tras-no-llegar-a-un-acuerdo-con-la-oposicion-el-gobierno-modificara-la-formula-jubilatoria-por-dnu\/","title":{"rendered":"Tras no llegar a un acuerdo con la oposici\u00f3n, el Gobierno modificar\u00e1 la formula jubilatoria por DNU"},"content":{"rendered":"\n<p>Sin pasar por el Congreso, este viernes se comunicar\u00eda en el Bolet\u00edn Oficial c\u00f3mo ser\u00e1n los nuevos aumentos para los jubilados.<\/p>\n\n\n\n<p>Luego de una negociaci\u00f3n frustrada entre el oficialismo y la oposici\u00f3n, el Gobierno decidi\u00f3 modificar la formula jubilatoria a traves de un Decreto de Necesidad y Urgencia (DNU). De esta manera, los aumentos ser\u00e1n por el \u00edndice de inflaci\u00f3n y comenzar\u00eda a implementarse a partir de abril.Por otra parte, tambi\u00e9n se definir\u00e1 una compensaci\u00f3n correspondiente a los meses de enero, febrero y marzo. Por el momento se analiza un extra de entre 12% y 15%. A partir de la modificaci\u00f3n quedar\u00eda atr\u00e1s la f\u00f3rmula de la gesti\u00f3n de Alberto Fern\u00e1ndez que combinaba el \u00cdndice de Variaci\u00f3n Salarial y la recaudaci\u00f3n de la ANSES.<\/p>\n\n\n\n<p>De parte de la oposici\u00f3n, el bloque Hacemos Coalici\u00f3n Federal hab\u00eda encabezado el pedido para llevar el debate de la f\u00f3rmula jubilatoria al Congreso. Tras no reunir la cantidad necesaria para el qu\u00f3rum, el espacio de Miguel \u00c1ngel Pichetto desisti\u00f3.Del lado del Gobierno afirmaron que las instancias de negociaci\u00f3n \u201cse agotaron\u201d y es por ello que decidieron avanzar con el decreto. Por el momento no hubo comunicados del oficialismo al respecto, pero la medida ser\u00eda comunicada en las pr\u00f3ximas horas a trav\u00e9s del Boletin Oficial.<\/p>\n","protected":false},"excerpt":{"rendered":"<p>Sin pasar por el Congreso, este viernes se comunicar\u00eda en el Bolet\u00edn Oficial c\u00f3mo ser\u00e1n los nuevos aumentos para los jubilados. Luego de una negociaci\u00f3n frustrada entre el oficialismo y la oposici\u00f3n, el Gobierno decidi\u00f3 modificar la formula jubilatoria a traves de un Decreto de Necesidad y Urgencia (DNU). De esta manera, los aumentos ser\u00e1n [&hellip;]<\/p>\n","protected":false},"author":2,"featured_media":1752,"comment_status":"open","ping_status":"open","sticky":false,"template":"","format":"standard","meta":{"footnotes":""},"categories":[20],"tags":[],"_links":{"self":[{"href":"https:\/\/enlamira.info\/index.php\/wp-json\/wp\/v2\/posts\/1750"}],"collection":[{"href":"https:\/\/enlamira.info\/index.php\/wp-json\/wp\/v2\/posts"}],"about":[{"href":"https:\/\/enlamira.info\/index.php\/wp-json\/wp\/v2\/types\/post"}],"author":[{"embeddable":true,"href":"https:\/\/enlamira.info\/index.php\/wp-json\/wp\/v2\/users\/2"}],"replies":[{"embeddable":true,"href":"https:\/\/enlamira.info\/index.php\/wp-json\/wp\/v2\/comments?post=1750"}],"version-history":[{"count":1,"href":"https:\/\/enlamira.info\/index.php\/wp-json\/wp\/v2\/posts\/1750\/revisions"}],"predecessor-version":[{"id":1751,"href":"https:\/\/enlamira.info\/index.php\/wp-json\/wp\/v2\/posts\/1750\/revisions\/1751"}],"wp:featuredmedia":[{"embeddable":true,"href":"https:\/\/enlamira.info\/index.php\/wp-json\/wp\/v2\/media\/1752"}],"wp:attachment":[{"href":"https:\/\/enlamira.info\/index.php\/wp-json\/wp\/v2\/media?parent=1750"}],"wp:term":[{"taxonomy":"category","embeddable":true,"href":"https:\/\/enlamira.info\/index.php\/wp-json\/wp\/v2\/categories?post=1750"},{"taxonomy":"post_tag","embeddable":true,"href":"https:\/\/enlamira.info\/index.php\/wp-json\/wp\/v2\/tags?post=1750"}],"curies":[{"name":"wp","href":"https:\/\/api.w.org\/{rel}","templated":true}]}}