{"id":17370,"date":"2025-06-27T15:38:09","date_gmt":"2025-06-27T18:38:09","guid":{"rendered":"https:\/\/enlamira.info\/?p=17370"},"modified":"2025-06-27T15:38:09","modified_gmt":"2025-06-27T18:38:09","slug":"raiz-nostalgia-y-amor-ivan-cortez-su-padre-carlos-y-celeste-quiroz-conmovieron-con-chamame-y-emocion-en-vivo","status":"publish","type":"post","link":"https:\/\/enlamira.info\/index.php\/2025\/06\/27\/raiz-nostalgia-y-amor-ivan-cortez-su-padre-carlos-y-celeste-quiroz-conmovieron-con-chamame-y-emocion-en-vivo\/","title":{"rendered":"Ra\u00edz, nostalgia y amor: Iv\u00e1n Cort\u00e9z, su padre Carlos y Celeste Quiroz conmovieron con chamam\u00e9 y emoci\u00f3n en vivo"},"content":{"rendered":"\n<p>Una ma\u00f1ana de m\u00fasica y emociones se vivi\u00f3 en <em>La Voz del Vecino<\/em>, donde Iv\u00e1n Cort\u00e9z, profesor de acorde\u00f3n, lleg\u00f3 acompa\u00f1ado por su padre y su compa\u00f1era, la cantante Celeste Cort\u00e9z, para compartir un set inolvidable con cl\u00e1sicos del chamam\u00e9 como <em>Kil\u00f3metro 11<\/em>, <em>Merceditas<\/em> y <em>El tren expreso<\/em>.<\/p>\n\n\n\n<figure class=\"wp-block-image size-large\"><img loading=\"lazy\" decoding=\"async\" width=\"1024\" height=\"768\" src=\"https:\/\/enlamira.info\/wp-content\/uploads\/2025\/06\/fb74d067-139d-44ed-98df-b56fcbbe3f9b-1024x768.jpg\" alt=\"\" class=\"wp-image-17378\" srcset=\"https:\/\/enlamira.info\/wp-content\/uploads\/2025\/06\/fb74d067-139d-44ed-98df-b56fcbbe3f9b-1024x768.jpg 1024w, https:\/\/enlamira.info\/wp-content\/uploads\/2025\/06\/fb74d067-139d-44ed-98df-b56fcbbe3f9b-300x225.jpg 300w, https:\/\/enlamira.info\/wp-content\/uploads\/2025\/06\/fb74d067-139d-44ed-98df-b56fcbbe3f9b-768x576.jpg 768w, https:\/\/enlamira.info\/wp-content\/uploads\/2025\/06\/fb74d067-139d-44ed-98df-b56fcbbe3f9b-1536x1152.jpg 1536w, https:\/\/enlamira.info\/wp-content\/uploads\/2025\/06\/fb74d067-139d-44ed-98df-b56fcbbe3f9b.jpg 1600w\" sizes=\"(max-width: 1024px) 100vw, 1024px\" \/><\/figure>\n\n\n\n<p>Entre an\u00e9cdotas y melod\u00edas, Iv\u00e1n record\u00f3 sus inicios: \u201cEmpec\u00e9 a los 12 gracias a mi viejo. \u00c9l me transmiti\u00f3 el amor por la m\u00fasica, que en casa siempre fue parte del aire que se respira\u201d. Hoy, adem\u00e1s de tocar, ense\u00f1a acorde\u00f3n y guitarra desde su casa, formando nuevas generaciones de m\u00fasicos.<\/p>\n\n\n\n<p>Su padre, tambi\u00e9n m\u00fasico, comparti\u00f3 la importancia del acorde\u00f3n en las fiestas familiares y en la memoria colectiva: \u201cEs un instrumento que lleva alegr\u00eda\u2026 pero tambi\u00e9n nostalgia. Muchos nos dicen que les recuerda a sus abuelos\u201d.<\/p>\n\n\n\n<figure class=\"wp-block-image size-large\"><img loading=\"lazy\" decoding=\"async\" width=\"576\" height=\"1024\" src=\"https:\/\/enlamira.info\/wp-content\/uploads\/2025\/06\/844f66e7-f040-4d95-a71a-ecbb73811b73-576x1024.jpg\" alt=\"\" class=\"wp-image-17379\" srcset=\"https:\/\/enlamira.info\/wp-content\/uploads\/2025\/06\/844f66e7-f040-4d95-a71a-ecbb73811b73-576x1024.jpg 576w, https:\/\/enlamira.info\/wp-content\/uploads\/2025\/06\/844f66e7-f040-4d95-a71a-ecbb73811b73-169x300.jpg 169w, https:\/\/enlamira.info\/wp-content\/uploads\/2025\/06\/844f66e7-f040-4d95-a71a-ecbb73811b73-768x1366.jpg 768w, https:\/\/enlamira.info\/wp-content\/uploads\/2025\/06\/844f66e7-f040-4d95-a71a-ecbb73811b73-864x1536.jpg 864w, https:\/\/enlamira.info\/wp-content\/uploads\/2025\/06\/844f66e7-f040-4d95-a71a-ecbb73811b73.jpg 899w\" sizes=\"(max-width: 576px) 100vw, 576px\" \/><\/figure>\n\n\n\n<p>La sorpresa de la ma\u00f1ana fue la participaci\u00f3n de <strong>Celeste Cort\u00e9z<\/strong>, quien con su voz c\u00e1lida y potente le dio un toque emotivo \u00fanico al repertorio: \u201cLa gente se conmueve cuando los sonidos los transportan. Cantar junto a Iv\u00e1n y su pap\u00e1 es un privilegio que nace del amor y la tradici\u00f3n\u201d, expres\u00f3.<\/p>\n\n\n\n<p>El cierre, con interpretaci\u00f3n en vivo incluida, fue un testimonio \u00edntimo y alegre de lo que la m\u00fasica puede generar cuando se toca con el coraz\u00f3n. \u201cTocar con mi viejo y mi compa\u00f1era es compartir lo que somos como familia\u201d, sintetiz\u00f3 Iv\u00e1n.<\/p>\n\n\n\n<p>Para aprender acorde\u00f3n , guitarra o piano <\/p>\n\n\n\n<p>Instagram ivan.cortez.56<\/p>\n\n\n\n<p>whatsaap +54 9 11 6572-2112<\/p>\n\n\n\n<figure class=\"wp-block-embed is-type-video is-provider-youtube wp-block-embed-youtube wp-embed-aspect-16-9 wp-has-aspect-ratio\"><div class=\"wp-block-embed__wrapper\">\n<iframe loading=\"lazy\" title=\"Entrevista: Iv\u00e1n Cort\u00e9s y su conjunto (M\u00fasico)\" width=\"640\" height=\"360\" src=\"https:\/\/www.youtube.com\/embed\/Vz8nPaDPRfA?feature=oembed\" frameborder=\"0\" allow=\"accelerometer; autoplay; clipboard-write; encrypted-media; gyroscope; picture-in-picture; web-share\" referrerpolicy=\"strict-origin-when-cross-origin\" allowfullscreen><\/iframe>\n<\/div><\/figure>\n","protected":false},"excerpt":{"rendered":"<p>Una ma\u00f1ana de m\u00fasica y emociones se vivi\u00f3 en La Voz del Vecino, donde Iv\u00e1n Cort\u00e9z, profesor de acorde\u00f3n, lleg\u00f3 acompa\u00f1ado por su padre y su compa\u00f1era, la cantante Celeste Cort\u00e9z, para compartir un set inolvidable con cl\u00e1sicos del chamam\u00e9 como Kil\u00f3metro 11, Merceditas y El tren expreso. Entre an\u00e9cdotas y melod\u00edas, Iv\u00e1n record\u00f3 sus [&hellip;]<\/p>\n","protected":false},"author":2,"featured_media":17377,"comment_status":"open","ping_status":"open","sticky":false,"template":"","format":"standard","meta":{"footnotes":""},"categories":[1,15,34],"tags":[1887,1888,1889],"_links":{"self":[{"href":"https:\/\/enlamira.info\/index.php\/wp-json\/wp\/v2\/posts\/17370"}],"collection":[{"href":"https:\/\/enlamira.info\/index.php\/wp-json\/wp\/v2\/posts"}],"about":[{"href":"https:\/\/enlamira.info\/index.php\/wp-json\/wp\/v2\/types\/post"}],"author":[{"embeddable":true,"href":"https:\/\/enlamira.info\/index.php\/wp-json\/wp\/v2\/users\/2"}],"replies":[{"embeddable":true,"href":"https:\/\/enlamira.info\/index.php\/wp-json\/wp\/v2\/comments?post=17370"}],"version-history":[{"count":1,"href":"https:\/\/enlamira.info\/index.php\/wp-json\/wp\/v2\/posts\/17370\/revisions"}],"predecessor-version":[{"id":17380,"href":"https:\/\/enlamira.info\/index.php\/wp-json\/wp\/v2\/posts\/17370\/revisions\/17380"}],"wp:featuredmedia":[{"embeddable":true,"href":"https:\/\/enlamira.info\/index.php\/wp-json\/wp\/v2\/media\/17377"}],"wp:attachment":[{"href":"https:\/\/enlamira.info\/index.php\/wp-json\/wp\/v2\/media?parent=17370"}],"wp:term":[{"taxonomy":"category","embeddable":true,"href":"https:\/\/enlamira.info\/index.php\/wp-json\/wp\/v2\/categories?post=17370"},{"taxonomy":"post_tag","embeddable":true,"href":"https:\/\/enlamira.info\/index.php\/wp-json\/wp\/v2\/tags?post=17370"}],"curies":[{"name":"wp","href":"https:\/\/api.w.org\/{rel}","templated":true}]}}