{"id":17349,"date":"2025-06-26T16:34:33","date_gmt":"2025-06-26T19:34:33","guid":{"rendered":"https:\/\/enlamira.info\/?p=17349"},"modified":"2025-06-26T16:34:33","modified_gmt":"2025-06-26T19:34:33","slug":"sarandi-le-saquearon-el-local-a-una-vecina-a-metros-del-polo-judicial-y-nadie-responde","status":"publish","type":"post","link":"https:\/\/enlamira.info\/index.php\/2025\/06\/26\/sarandi-le-saquearon-el-local-a-una-vecina-a-metros-del-polo-judicial-y-nadie-responde\/","title":{"rendered":"Sarand\u00ed: le saquearon el local a una vecina, a metros del Polo Judicial, y nadie responde"},"content":{"rendered":"\n<p>En el programa <em>La Voz del Vecino<\/em>, conducido por Marcelo Brunwald, se escuch\u00f3 el testimonio crudo de <strong>Mar\u00eda<\/strong>, una comerciante de 63 a\u00f1os a quien le vaciaron su local de ropa ubicado en <strong>calle Salta 51, en Sarand\u00ed<\/strong>, justo <strong>a metros del Polo Judicial de Avellaneda<\/strong>, en una zona que, pese a su relevancia institucional, <strong>no cuenta con c\u00e1maras, domos de vigilancia ni presencia policial sostenida<\/strong>.<\/p>\n\n\n\n<p><em>&#8220;Entraron por el techo, rompieron todo, se llevaron camperas, s\u00e1banas, ropa de cama, toallas\u2026 me destrozaron el negocio&#8221;<\/em>, relat\u00f3 entre l\u00e1grimas. El valor de lo robado ronda los <strong>5 millones de pesos<\/strong>, toda una vida de esfuerzo invertida en ese emprendimiento. \u201cNo es mercader\u00eda que pueda recuperar. Era mi capital. Todo lo que ten\u00eda\u201d, dijo con la voz quebrada.<\/p>\n\n\n\n<p>Con profundo dolor, Mar\u00eda agreg\u00f3: <em>&#8220;Le ped\u00ed una entrevista al secretario de Seguridad del municipio, Alejo Chornobroff, cuatro veces. Nunca me respondi\u00f3. Solo pido que alguien se acerque, que me claven unas chapas, que me ayuden con una cerradura. Ya no tengo c\u00f3mo protegerme&#8221;<\/em>.<\/p>\n\n\n\n<p>A cargo de sus nietos, jubilada y con problemas de salud, sigue vendiendo ropa para sobrevivir. \u201cYa me robaron tres veces. Esto no da para m\u00e1s. Me qued\u00e9 sin nada. Solo quiero seguir trabajando con dignidad. Pero necesito ayuda.\u201d<\/p>\n\n\n\n<p>El mercado donde est\u00e1 su local forma parte de la historia barrial de Sarand\u00ed: pescader\u00eda, panader\u00eda, verduler\u00eda, otros locales peque\u00f1os. Un centro comercial popular que hoy lucha por no desaparecer.<\/p>\n\n\n\n<p>Desde el programa, se volvi\u00f3 a convocar a la solidaridad vecinal y a la responsabilidad municipal: <em>\u201cUna chapa, una mano, una respuesta. No es mucho. Pero puede cambiarlo todo para quien est\u00e1 sola y vulnerable\u201d<\/em>.<\/p>\n\n\n\n<figure class=\"wp-block-embed is-type-video is-provider-youtube wp-block-embed-youtube wp-embed-aspect-16-9 wp-has-aspect-ratio\"><div class=\"wp-block-embed__wrapper\">\n<iframe loading=\"lazy\" title=\"Entrevista: Vecina de Sarandi &quot;Maria Ledesma&quot; (Robo en Sarandi)\" width=\"640\" height=\"360\" src=\"https:\/\/www.youtube.com\/embed\/kySa6W3NDgA?feature=oembed\" frameborder=\"0\" allow=\"accelerometer; autoplay; clipboard-write; encrypted-media; gyroscope; picture-in-picture; web-share\" referrerpolicy=\"strict-origin-when-cross-origin\" allowfullscreen><\/iframe>\n<\/div><\/figure>\n","protected":false},"excerpt":{"rendered":"<p>En el programa La Voz del Vecino, conducido por Marcelo Brunwald, se escuch\u00f3 el testimonio crudo de Mar\u00eda, una comerciante de 63 a\u00f1os a quien le vaciaron su local de ropa ubicado en calle Salta 51, en Sarand\u00ed, justo a metros del Polo Judicial de Avellaneda, en una zona que, pese a su relevancia institucional, [&hellip;]<\/p>\n","protected":false},"author":2,"featured_media":17355,"comment_status":"open","ping_status":"open","sticky":false,"template":"","format":"standard","meta":{"footnotes":""},"categories":[1,32,34],"tags":[],"_links":{"self":[{"href":"https:\/\/enlamira.info\/index.php\/wp-json\/wp\/v2\/posts\/17349"}],"collection":[{"href":"https:\/\/enlamira.info\/index.php\/wp-json\/wp\/v2\/posts"}],"about":[{"href":"https:\/\/enlamira.info\/index.php\/wp-json\/wp\/v2\/types\/post"}],"author":[{"embeddable":true,"href":"https:\/\/enlamira.info\/index.php\/wp-json\/wp\/v2\/users\/2"}],"replies":[{"embeddable":true,"href":"https:\/\/enlamira.info\/index.php\/wp-json\/wp\/v2\/comments?post=17349"}],"version-history":[{"count":1,"href":"https:\/\/enlamira.info\/index.php\/wp-json\/wp\/v2\/posts\/17349\/revisions"}],"predecessor-version":[{"id":17356,"href":"https:\/\/enlamira.info\/index.php\/wp-json\/wp\/v2\/posts\/17349\/revisions\/17356"}],"wp:featuredmedia":[{"embeddable":true,"href":"https:\/\/enlamira.info\/index.php\/wp-json\/wp\/v2\/media\/17355"}],"wp:attachment":[{"href":"https:\/\/enlamira.info\/index.php\/wp-json\/wp\/v2\/media?parent=17349"}],"wp:term":[{"taxonomy":"category","embeddable":true,"href":"https:\/\/enlamira.info\/index.php\/wp-json\/wp\/v2\/categories?post=17349"},{"taxonomy":"post_tag","embeddable":true,"href":"https:\/\/enlamira.info\/index.php\/wp-json\/wp\/v2\/tags?post=17349"}],"curies":[{"name":"wp","href":"https:\/\/api.w.org\/{rel}","templated":true}]}}